{"id":992,"date":"2015-05-03T19:05:12","date_gmt":"2015-05-03T17:05:12","guid":{"rendered":"http:\/\/ff-buettelborn.de\/wp\/?p=992"},"modified":"2015-05-03T19:05:12","modified_gmt":"2015-05-03T17:05:12","slug":"der-loescheimer-12015-ist-da","status":"publish","type":"post","link":"http:\/\/ff-buettelborn.de\/wp\/?p=992","title":{"rendered":"Der L\u00f6scheimer 1\/2015 ist da"},"content":{"rendered":"<p>F\u00fcr alle Fans von unserem Vereinsblatt. Der erste L\u00f6scheimer f\u00fcr das Jahr 2015 ist da. Alle Aktiven und Passiven Mitglieder\u00a0k\u00f6nnen das kleine Heft in den n\u00e4chsten Tagen aus ihrem Briefkasten holen.<\/p>\n<p>Alle anderen k\u00f6nnen ihn auch <a href=\"?page_id=160\">hier<\/a> online-lesen.<\/p>\n<p>Viel Spa\u00df!<\/p>\n<p>PS. Habe Sie w\u00fcnsche f\u00fcr Themen rund um die Feuerwehr die Sie interessieren, lassen Sie uns das wissen (\u00fcber unser Kontaktformular).<\/p>\n","protected":false},"excerpt":{"rendered":"<p>F\u00fcr alle Fans von unserem Vereinsblatt. Der erste L\u00f6scheimer f\u00fcr das Jahr 2015 ist da. Alle Aktiven und Passiven Mitglieder\u00a0k\u00f6nnen das kleine Heft in den n\u00e4chsten Tagen aus ihrem Briefkasten holen. Alle anderen k\u00f6nnen ihn auch hier online-lesen. Viel Spa\u00df! &hellip; <a href=\"http:\/\/ff-buettelborn.de\/wp\/?p=992\">Continue reading <span class=\"meta-nav\">&rarr;<\/span><\/a><\/p>\n","protected":false},"author":5,"featured_media":0,"comment_status":"closed","ping_status":"closed","sticky":false,"template":"","format":"standard","meta":{"footnotes":""},"categories":[1,5],"tags":[21,73,72],"class_list":["post-992","post","type-post","status-publish","format-standard","hentry","category-allgemein","category-verein","tag-loescheimer","tag-verein","tag-zeitschrift"],"_links":{"self":[{"href":"http:\/\/ff-buettelborn.de\/wp\/index.php?rest_route=\/wp\/v2\/posts\/992","targetHints":{"allow":["GET"]}}],"collection":[{"href":"http:\/\/ff-buettelborn.de\/wp\/index.php?rest_route=\/wp\/v2\/posts"}],"about":[{"href":"http:\/\/ff-buettelborn.de\/wp\/index.php?rest_route=\/wp\/v2\/types\/post"}],"author":[{"embeddable":true,"href":"http:\/\/ff-buettelborn.de\/wp\/index.php?rest_route=\/wp\/v2\/users\/5"}],"replies":[{"embeddable":true,"href":"http:\/\/ff-buettelborn.de\/wp\/index.php?rest_route=%2Fwp%2Fv2%2Fcomments&post=992"}],"version-history":[{"count":2,"href":"http:\/\/ff-buettelborn.de\/wp\/index.php?rest_route=\/wp\/v2\/posts\/992\/revisions"}],"predecessor-version":[{"id":994,"href":"http:\/\/ff-buettelborn.de\/wp\/index.php?rest_route=\/wp\/v2\/posts\/992\/revisions\/994"}],"wp:attachment":[{"href":"http:\/\/ff-buettelborn.de\/wp\/index.php?rest_route=%2Fwp%2Fv2%2Fmedia&parent=992"}],"wp:term":[{"taxonomy":"category","embeddable":true,"href":"http:\/\/ff-buettelborn.de\/wp\/index.php?rest_route=%2Fwp%2Fv2%2Fcategories&post=992"},{"taxonomy":"post_tag","embeddable":true,"href":"http:\/\/ff-buettelborn.de\/wp\/index.php?rest_route=%2Fwp%2Fv2%2Ftags&post=992"}],"curies":[{"name":"wp","href":"https:\/\/api.w.org\/{rel}","templated":true}]}}