{"id":961,"date":"2015-03-31T22:51:04","date_gmt":"2015-03-31T20:51:04","guid":{"rendered":"http:\/\/ff-buettelborn.de\/wp\/?p=961"},"modified":"2015-04-01T14:28:03","modified_gmt":"2015-04-01T12:28:03","slug":"atemschutzseminar-2015","status":"publish","type":"post","link":"http:\/\/ff-buettelborn.de\/wp\/?p=961","title":{"rendered":"Atemschutzseminar 2015"},"content":{"rendered":"<p>Auch in diesem Jahr fand bei der Feuerwehr B\u00fcttelborn wieder ein Seminartag f\u00fcr Atemschutzger\u00e4tetr\u00e4ger und diejenigen die es werden wollen, statt.<br \/>\nAusgebildete Atemschutzger\u00e4tetr\u00e4ger m\u00fcssen unter anderem innerhalb von 12 Monaten gewisse Unterrichtseinheiten ableisten bzw. wiederholen. Um diese Einheiten nicht an vielen \u00dcbungsabenden \u00fcber das Jahr zu verteilen, werden sie geb\u00fcndelt an einem Samstag abgehalten. Im Anschluss an die Theorie, folgt noch eine \u00dcbung unter Atemschutz unter Einsatzbedingungen.<\/p>\n<div id='gallery-1' class='gallery galleryid-961 gallery-columns-2 gallery-size-medium'><dl class='gallery-item'>\n\t\t\t<dt class='gallery-icon portrait'>\n\t\t\t\t<a href='http:\/\/ff-buettelborn.de\/wp\/?attachment_id=985'><img loading=\"lazy\" decoding=\"async\" width=\"224\" height=\"300\" src=\"http:\/\/ff-buettelborn.de\/wp\/wp-content\/uploads\/2015\/04\/K1024_IMG_2975-224x300.jpg\" class=\"attachment-medium size-medium\" alt=\"\" srcset=\"http:\/\/ff-buettelborn.de\/wp\/wp-content\/uploads\/2015\/04\/K1024_IMG_2975-224x300.jpg 224w, http:\/\/ff-buettelborn.de\/wp\/wp-content\/uploads\/2015\/04\/K1024_IMG_2975-765x1024.jpg 765w, http:\/\/ff-buettelborn.de\/wp\/wp-content\/uploads\/2015\/04\/K1024_IMG_2975.jpg 768w\" sizes=\"auto, (max-width: 224px) 100vw, 224px\" \/><\/a>\n\t\t\t<\/dt><\/dl><dl class='gallery-item'>\n\t\t\t<dt class='gallery-icon portrait'>\n\t\t\t\t<a href='http:\/\/ff-buettelborn.de\/wp\/?attachment_id=984'><img loading=\"lazy\" decoding=\"async\" width=\"224\" height=\"300\" src=\"http:\/\/ff-buettelborn.de\/wp\/wp-content\/uploads\/2015\/04\/K1024_IMG_2964-224x300.jpg\" class=\"attachment-medium size-medium\" alt=\"\" srcset=\"http:\/\/ff-buettelborn.de\/wp\/wp-content\/uploads\/2015\/04\/K1024_IMG_2964-224x300.jpg 224w, http:\/\/ff-buettelborn.de\/wp\/wp-content\/uploads\/2015\/04\/K1024_IMG_2964-765x1024.jpg 765w, http:\/\/ff-buettelborn.de\/wp\/wp-content\/uploads\/2015\/04\/K1024_IMG_2964.jpg 768w\" sizes=\"auto, (max-width: 224px) 100vw, 224px\" \/><\/a>\n\t\t\t<\/dt><\/dl><br style=\"clear: both\" \/><dl class='gallery-item'>\n\t\t\t<dt class='gallery-icon portrait'>\n\t\t\t\t<a href='http:\/\/ff-buettelborn.de\/wp\/?attachment_id=983'><img loading=\"lazy\" decoding=\"async\" width=\"224\" height=\"300\" src=\"http:\/\/ff-buettelborn.de\/wp\/wp-content\/uploads\/2015\/04\/K1024_IMG_2961-224x300.jpg\" class=\"attachment-medium size-medium\" alt=\"\" srcset=\"http:\/\/ff-buettelborn.de\/wp\/wp-content\/uploads\/2015\/04\/K1024_IMG_2961-224x300.jpg 224w, http:\/\/ff-buettelborn.de\/wp\/wp-content\/uploads\/2015\/04\/K1024_IMG_2961-765x1024.jpg 765w, http:\/\/ff-buettelborn.de\/wp\/wp-content\/uploads\/2015\/04\/K1024_IMG_2961.jpg 768w\" sizes=\"auto, (max-width: 224px) 100vw, 224px\" \/><\/a>\n\t\t\t<\/dt><\/dl><dl class='gallery-item'>\n\t\t\t<dt class='gallery-icon portrait'>\n\t\t\t\t<a href='http:\/\/ff-buettelborn.de\/wp\/?attachment_id=982'><img loading=\"lazy\" decoding=\"async\" width=\"224\" height=\"300\" src=\"http:\/\/ff-buettelborn.de\/wp\/wp-content\/uploads\/2015\/04\/K1024_IMG_2955-224x300.jpg\" class=\"attachment-medium size-medium\" alt=\"\" srcset=\"http:\/\/ff-buettelborn.de\/wp\/wp-content\/uploads\/2015\/04\/K1024_IMG_2955-224x300.jpg 224w, http:\/\/ff-buettelborn.de\/wp\/wp-content\/uploads\/2015\/04\/K1024_IMG_2955-765x1024.jpg 765w, http:\/\/ff-buettelborn.de\/wp\/wp-content\/uploads\/2015\/04\/K1024_IMG_2955.jpg 768w\" sizes=\"auto, (max-width: 224px) 100vw, 224px\" \/><\/a>\n\t\t\t<\/dt><\/dl><br style=\"clear: both\" \/><dl class='gallery-item'>\n\t\t\t<dt class='gallery-icon portrait'>\n\t\t\t\t<a href='http:\/\/ff-buettelborn.de\/wp\/?attachment_id=981'><img loading=\"lazy\" decoding=\"async\" width=\"224\" height=\"300\" src=\"http:\/\/ff-buettelborn.de\/wp\/wp-content\/uploads\/2015\/04\/K1024_IMG_2952-224x300.jpg\" class=\"attachment-medium size-medium\" alt=\"\" srcset=\"http:\/\/ff-buettelborn.de\/wp\/wp-content\/uploads\/2015\/04\/K1024_IMG_2952-224x300.jpg 224w, http:\/\/ff-buettelborn.de\/wp\/wp-content\/uploads\/2015\/04\/K1024_IMG_2952-765x1024.jpg 765w, http:\/\/ff-buettelborn.de\/wp\/wp-content\/uploads\/2015\/04\/K1024_IMG_2952.jpg 768w\" sizes=\"auto, (max-width: 224px) 100vw, 224px\" \/><\/a>\n\t\t\t<\/dt><\/dl><dl class='gallery-item'>\n\t\t\t<dt class='gallery-icon landscape'>\n\t\t\t\t<a href='http:\/\/ff-buettelborn.de\/wp\/?attachment_id=980'><img loading=\"lazy\" decoding=\"async\" width=\"300\" height=\"225\" src=\"http:\/\/ff-buettelborn.de\/wp\/wp-content\/uploads\/2015\/04\/20150328_135928717_iOS-300x225.jpg\" class=\"attachment-medium size-medium\" alt=\"\" srcset=\"http:\/\/ff-buettelborn.de\/wp\/wp-content\/uploads\/2015\/04\/20150328_135928717_iOS-300x225.jpg 300w, http:\/\/ff-buettelborn.de\/wp\/wp-content\/uploads\/2015\/04\/20150328_135928717_iOS.jpg 852w\" sizes=\"auto, (max-width: 300px) 100vw, 300px\" \/><\/a>\n\t\t\t<\/dt><\/dl><br style=\"clear: both\" \/>\n\t\t<\/div>\n\n","protected":false},"excerpt":{"rendered":"<p>Auch in diesem Jahr fand bei der Feuerwehr B\u00fcttelborn wieder ein Seminartag f\u00fcr Atemschutzger\u00e4tetr\u00e4ger und diejenigen die es werden wollen, statt. Ausgebildete Atemschutzger\u00e4tetr\u00e4ger m\u00fcssen unter anderem innerhalb von 12 Monaten gewisse Unterrichtseinheiten ableisten bzw. wiederholen. Um diese Einheiten nicht an &hellip; <a href=\"http:\/\/ff-buettelborn.de\/wp\/?p=961\">Continue reading <span class=\"meta-nav\">&rarr;<\/span><\/a><\/p>\n","protected":false},"author":5,"featured_media":0,"comment_status":"closed","ping_status":"closed","sticky":false,"template":"","format":"standard","meta":{"footnotes":""},"categories":[3],"tags":[19,60,69,68,67],"class_list":["post-961","post","type-post","status-publish","format-standard","hentry","category-einsatzabteilung","tag-atemschutz","tag-ausbildung","tag-maske","tag-pressluft","tag-seminar"],"_links":{"self":[{"href":"http:\/\/ff-buettelborn.de\/wp\/index.php?rest_route=\/wp\/v2\/posts\/961","targetHints":{"allow":["GET"]}}],"collection":[{"href":"http:\/\/ff-buettelborn.de\/wp\/index.php?rest_route=\/wp\/v2\/posts"}],"about":[{"href":"http:\/\/ff-buettelborn.de\/wp\/index.php?rest_route=\/wp\/v2\/types\/post"}],"author":[{"embeddable":true,"href":"http:\/\/ff-buettelborn.de\/wp\/index.php?rest_route=\/wp\/v2\/users\/5"}],"replies":[{"embeddable":true,"href":"http:\/\/ff-buettelborn.de\/wp\/index.php?rest_route=%2Fwp%2Fv2%2Fcomments&post=961"}],"version-history":[{"count":5,"href":"http:\/\/ff-buettelborn.de\/wp\/index.php?rest_route=\/wp\/v2\/posts\/961\/revisions"}],"predecessor-version":[{"id":986,"href":"http:\/\/ff-buettelborn.de\/wp\/index.php?rest_route=\/wp\/v2\/posts\/961\/revisions\/986"}],"wp:attachment":[{"href":"http:\/\/ff-buettelborn.de\/wp\/index.php?rest_route=%2Fwp%2Fv2%2Fmedia&parent=961"}],"wp:term":[{"taxonomy":"category","embeddable":true,"href":"http:\/\/ff-buettelborn.de\/wp\/index.php?rest_route=%2Fwp%2Fv2%2Fcategories&post=961"},{"taxonomy":"post_tag","embeddable":true,"href":"http:\/\/ff-buettelborn.de\/wp\/index.php?rest_route=%2Fwp%2Fv2%2Ftags&post=961"}],"curies":[{"name":"wp","href":"https:\/\/api.w.org\/{rel}","templated":true}]}}