{"id":954,"date":"2015-02-12T10:50:21","date_gmt":"2015-02-12T09:50:21","guid":{"rendered":"http:\/\/ff-buettelborn.de\/wp\/?p=954"},"modified":"2015-02-12T10:50:21","modified_gmt":"2015-02-12T09:50:21","slug":"jahreshautversammlung-2015","status":"publish","type":"post","link":"http:\/\/ff-buettelborn.de\/wp\/?p=954","title":{"rendered":"Jahreshautversammlung 2015"},"content":{"rendered":"<p><strong>Jahresbericht f\u00fcr das Gesch\u00e4ftsjahr 2014 des<\/strong><\/p>\n<p><strong>F\u00f6rdervereins der Freiwilligen Feuerwehr B\u00fcttelborn 1930 e.V.<\/strong><\/p>\n<p><strong>\u00a0<\/strong><\/p>\n<p>Der Bericht beinhaltet folgende Punkte.<\/p>\n<p>&nbsp;<\/p>\n<p>&#8211; Ortspokal Schiessen<\/p>\n<p>&#8211; A &amp; E Grillen<\/p>\n<p>&#8211; Blaulicht Tour ( Vatertag )<\/p>\n<p>&#8211; Open Air 2014<\/p>\n<p>&#8211; Bild E-Abteilung, A&amp;E, Vorstand, Jugend<\/p>\n<p>&#8211; Jugendfeuerwehr<\/p>\n<p>&#8211; Anschaffungen \u2013 Jacken<\/p>\n<p>&#8211; 1. \u00dcbungsplatz der FFw<\/p>\n<p>&#8211; Feuerl\u00f6scher Pr\u00fcfung<\/p>\n<p>&#8211; Spende Voba<\/p>\n<p>&#8211; Weihnachtsmarkt<\/p>\n<p>&#8211; Weihnachtsfeier<\/p>\n<p>&#8211; Mit Sicherheit im Leben ( Rauchmelder ) Aktion 2013 \/ 2014<\/p>\n<p>&#8211; Schlusswort<\/p>\n<p>&nbsp;<\/p>\n<p><strong>&#8211; Ortspokal Schiessen<\/strong><\/p>\n<p>Das Jahr begann wie immer mit dem Ortspokal schie\u00dfen und wir konnten dieses mal<\/p>\n<p>mit insgesamt 3 Mannschaften an den Start gehen. Alle Mannschaften schossen dabei in beiden Disziplinen Luftgewehr und Luftpistole,<\/p>\n<p>folgende Pl\u00e4tze wurden belegt;<\/p>\n<p>Luftgewehr<\/p>\n<ol>\n<li>Mannschaft &#8211; Feuerwehr B\u00fcbo 1 belegte den 20. Platz.<\/li>\n<li>Mannschaft Feuerwehr B\u00fcbo 2 belegte den 28. Platz<\/li>\n<li>Mannschaft Feuerwehr B\u00fcbo 3 belegte den 14. Platz<\/li>\n<\/ol>\n<p>Luftpistole<\/p>\n<ol>\n<li>Mannschaft Feuerwehr B\u00fcbo 1 belegte den 6. Platz.<\/li>\n<li>Mannschaft Feuerwehr B\u00fcbo 2 belegte den 18. Platz<\/li>\n<li>Mannschaft Feuerwehr B\u00fcbo 3 belegte den 8. Platz<\/li>\n<\/ol>\n<p>In diesem Jahr gab es dabei eine Primere, unser Kamerad Florian J\u00e4kel hat eine fehlende Person in einem Mannschaftsteam trotz Erste Ablehnung \u00fcbernommen.<\/p>\n<p>Er ist \u00fcber seinen Schatten gesprungen und hat das Team nicht im Stich gelassen.<\/p>\n<p>Hier einen Dank an Flo, sowie an alle Kameraden die Teil genommen haben.<\/p>\n<p>&nbsp;<\/p>\n<p><strong>&#8211; A &amp; E Grillen<\/strong><\/p>\n<p>Durch eine Idee heraus die A &amp; E mehr in der Feuerwehr und dem Vereinsleben Teilnehmen zu lassen, wurde ein Grillfest ( Osterfeuer ) am Anfang des Jahres ins Leben gerufen. Nach dem Motto; und wenn gegrillt wird, dann wird auch drau\u00dfen gegrillt. Unser Zelt wurde hinter dem Ger\u00e4tehaus aufgestellt und entsprechend ausgestattet, so das uns Wind und Wetter nichts anhaben konnte.<\/p>\n<p>Bei gutem Gegrilltem und gespendeten Salaten von einigen Kameraden wurde auch das ein oder andere Bier und Schn\u00e4pslein zu sich genommen.<\/p>\n<p>Werner Barthel und meine Wenigkeit stellten der A &amp; E die Idee vor, wie sie mehr in der Feuerwehr wieder mit Integriert werden k\u00f6nnten, wie zum Beispiel als<\/p>\n<p>L\u00f6schzug 4. Die Idee wurde als sehr gut befunden.<\/p>\n<p>F\u00fcr uns war es aber auch Wichtig einen Verbindungsmann zu haben, der als Ansprechpartner und Verbreitung von Nachrichten fungieren sollte.<\/p>\n<p>Wer w\u00fcrde sich da besser eignen als uns \u00a0Hans J\u00fcrgen Barthel, der das Amt gerne annahm und seine Aufgabe sehr gut umsetzte.<\/p>\n<p>Wir w\u00fcrden uns freuen wenn sich dies weiter entwickelt und seinen Lauf nimmt.<\/p>\n<p>Ihr seid uns immer Herzlich willkommen und haben ein offenes Ohr f\u00fcr Anregungen<\/p>\n<p>und Meinungen.<\/p>\n<p>Mein Dank geht auch an die Initiatoren des Osterfeuers Denis und Werner Barthel.<\/p>\n<p>So wie an alle die sie dabei unterst\u00fctz haben.<\/p>\n<p>&nbsp;<\/p>\n<p><strong>&#8211; Blaulicht Tour ( Vatertag )<\/strong><\/p>\n<p>Auch in diesem Jahr wurde eine so genannte Blaulicht Tour durchgef\u00fchrt,<\/p>\n<p>mit einer nur kleinen Gruppe von 8 Kameraden reisten wir mit unserem MTF<\/p>\n<p>durch die Umgebung und fuhren dabei die Feuerwehren wie Da.-Arheilgen, Walldorf, Kelsterbach, Sindlingen und Raunheim an, so wie das THW in R\u00fcsselsheim<\/p>\n<p>den Abschluss machten wir in B\u00fcttelborn bei dem Sch\u00fctzenverein.<\/p>\n<p>Mit diesem Ausflug haben wir nette Gespr\u00e4ch gef\u00fchrt, neue Kameraden kennen gelernt, und auf diesem Wege f\u00fcr unser Open Air geworben.<\/p>\n<p>wir w\u00fcrden uns freuen wenn im n\u00e4chsten Jahr einige Kameraden mehr an dem Ausflug teilnehmen w\u00fcrden um die Kameradschaft zu f\u00f6rdern.<\/p>\n<p>&nbsp;<\/p>\n<p><strong>&#8211; Open Air 2014<\/strong><\/p>\n<p>Das Wetter hat gepasst, die Organisation hat gestanden, die Kapelle war ein Knaller,<\/p>\n<p>Die Helfer hoch motiviert. So war in diesem Jahr unser Open Air wieder mal ein voller Erfolg. Da es in der Vergangenheit Helfer gab, die Essen an der Bonkasse vorbei hinaus brachten, war die Einf\u00fchrung von Verzehr Bonns erforderlich geworden.<\/p>\n<p>Es stellte sich als positiv heraus dass viele Helfer Ihre Bons nicht einmal alle eingel\u00f6st hatten, und die Speisen weitgehend verkauft werden konnten.<\/p>\n<p>An dieser Stelle m\u00f6chte ich allen Helfern, Organisatoren und Verantwortlichen<\/p>\n<p>des Open Air&#8217;s danken das Sie f\u00fcr die Durchf\u00fchrung \u00fcber Ihre Grenzen hinausgegangen sind und bereit waren Ihre Freizeit und Urlaub zu opfern.<\/p>\n<p>Besonders m\u00f6chte ich Sven Riekstins meinem Stellvertreter danken, dem ich im letzen Jahr die Hauptorganisationen \u00fcbergeben habe und er diese Aufgabe gl\u00e4nzend gemeistert hat.<\/p>\n<p>Das Helferessen findet aus organisatorischen Gr\u00fcnden erst in diesem Jahr statt.<\/p>\n<p>Info&#8217;s und Einladung entsprechend folgen.<\/p>\n<p>&nbsp;<\/p>\n<p><strong>&#8211; Bild E-Abteilung, A&amp;E, Vorstand, Jugend<\/strong><\/p>\n<p>Auch ein Gruppenfoto wurde in diesem Jahr organisiert. Nach anf\u00e4nglichen kleinen Schwierigkeiten, war das Problem aber schnell gel\u00f6st, Ein G\u00f6nner der Feuerwehr war kurzfristig eingesprungen die Bilder von unseren einzelnen Gruppen zu verewigen. Das Ergebnis kann sich sehen lassen, wo von sich auch schon jeder davon \u00fcberzeugen konnte. Durch einen Sponsor aus Griesheim sind f\u00fcr den Verein noch nicht einmal Druckkosten angefallen.<\/p>\n<p>Bedanken m\u00f6chten wir uns besonders bei unserem Fotografen so wie bei<\/p>\n<ol>\n<li>Riekstins f\u00fcr das Auftun des Sponsors.<\/li>\n<\/ol>\n<p>&nbsp;<\/p>\n<p><strong>&#8211; Jugendfeuerwehr<\/strong><\/p>\n<p>Was w\u00e4ren wir ohne unsere Jugendfeuerwehr<\/p>\n<p>Hier m\u00f6chten wir einmal die gute Jugendarbeit w\u00fcrdigen, den ohne diese der Nachwuchs bei der Einsatzabteilung ins Wanken geraden w\u00fcrde.<\/p>\n<p>Danke.<\/p>\n<p>&nbsp;<\/p>\n<p><strong>&#8211; Anschaffungen &#8211; Jacken<\/strong><\/p>\n<p>Nach langen \u00dcberlegungen im Vorstand wurde beschlossen Vereinsjacken anzuschaffen. \u00a0Durch gute Verhandlungen mit dem Lieferanten konnten wir zwar<\/p>\n<p>einen guten Einkaufspreis erzielen. Der Vorstand hatte lange Beratschlagt ob die Kosten der Verein komplett \u00fcbernehmen k\u00f6nne, und kam dabei zu dem Entschluss das jeder der ein Jacke wollte einen gewissen Betrag dazu bezahlen muss. So verblieb f\u00fcr den Verein zwar immer noch ein hoher Restbetrag offen, aber machbar.<\/p>\n<p>Entscheidend aber war der Ausgang des Open Air&#8217;s. W\u00e4re dies nicht so gut ausgefallen, w\u00e4re das Projekt noch einmal verschoben worden, aber so k\u00f6nnen sich jetzt einige Kameraden und A&amp;E ler \u00fcber diese Jacke erfreuen.<\/p>\n<p>Mein Dank geht hier an unseren Sponsor und wieder einmal an S. Riekstins f\u00fcr die Organisation.<\/p>\n<p><strong>\u00a0<\/strong><\/p>\n<ol>\n<li><strong> \u00dcbungsplatz der FFw B\u00fcttelborn<\/strong><\/li>\n<\/ol>\n<p>Seit nun mehr einem Jahr ist die Feuerwehr und der Verein im Besitz eines \u00dcbungsgel\u00e4ndes.<\/p>\n<p>Aus einem zuf\u00e4lligen Gespr\u00e4ch heraus aus der Vergangenheit hat uns der Erste Vorsitzender des Reit.- und Pony Vereins Udo Beckenbach angesprochen und gefragt ob wir an dem Gel\u00e4nde Interesse h\u00e4tten.<\/p>\n<p>In einer Vorstandssitzung wurde dar\u00fcber beratschlagt und beschlossen den Platz<\/p>\n<p>zu \u00fcbernehmen. So hat die Einsatzabteilung und die Jugend die M\u00f6glichkeit<\/p>\n<p>\u00dcbungen vorzunehmen und die \u00dcbungsobjekte im Anschluss auch mal stehen lassen zu k\u00f6nnen, des weiteren k\u00f6nnen dort Ger\u00e4tschaften der Einsatzabteilung<\/p>\n<p>zur sp\u00e4teren Stunde eingesetzt werden ohne das Anwohner dadurch gest\u00f6rt werden.<\/p>\n<p>F\u00fcr die die nicht wissen wo dieser sich befindet, er liegt hinter der alten M\u00fclldeponie, quasi die fr\u00fchere Kompostanlage.<\/p>\n<p>Der Platz wurde mit der Kreiselegge egalisiert, planiert und zur\u00fcckverdichtet, so das er mit einer speziellen Landschaftsrasenmischung Einges\u00e4t werden konnte. Das ganze Jahr \u00fcber wurde der Platz unterhalten durch w\u00e4ssern und m\u00e4hen. Sogar die Hecken die umlaufend stehen und zu weit in den Wegebereich gewachsen waren, wurden geschnitten.<\/p>\n<p>Danken an dieser Stelle m\u00f6chte ich mich f\u00fcr die Arbeit bei;<\/p>\n<p>Dieter M\u00fcller f\u00fcr das Eggen,<\/p>\n<p>Lucas Ficke, Tobias Graf und Tobias Barthel f\u00fcr die Pflegearbeiten,<\/p>\n<p>So wie allen Sponsoren f\u00fcr das bereitstellen von Ger\u00e4tschaften.<\/p>\n<p>&nbsp;<\/p>\n<p><strong>&#8211; Feuerl\u00f6scher Pr\u00fcfung<\/strong><\/p>\n<p>Wie alle Jahre organisierten wir wieder eine Feuerl\u00f6scher \u00dcberpr\u00fcfung.<\/p>\n<p>Diese fand auch wie in der Vergangenheit bei unserm Kameraden Wilfried Raiss<\/p>\n<p>in dessen Garage statt. Die \u00dcberpr\u00fcfung der L\u00f6scher \u00fcbernahm wie in den Jahren zuvor Fa. G\u00f6bel die alle H\u00e4nde voll zu tun hatte.<\/p>\n<p>Viele Vereinsmitglieder und B\u00fcrger nahmen unser Angebot an einmal mit dem Feuerl\u00f6scher ein Feuer zu l\u00f6schen, und waren sichtlich davon \u00fcberrascht dass dies doch gar nicht so einfach war wie es aussieht, und an einige Dinge gedacht werden musste bevor es los gehen kann.<\/p>\n<p>Danken an dieser Stelle m\u00f6chten wir uns bei den Kameraden die sich bereiterkl\u00e4rt haben den Verein bei dieser T\u00e4tigkeit tatkr\u00e4ftig zu unterst\u00fctzten.<\/p>\n<p>Bei; Wilfried Raiss und seiner Frau f\u00fcr die Bereitstellung der Garage.<\/p>\n<p>Bei: Thomas Maul f\u00fcr die Organisation.<\/p>\n<p><strong>&#8211; Spende Voba<\/strong><\/p>\n<p>Die Volksbank Darmstadt S\u00fcdhessen eG, unterst\u00fctzt mit einem F\u00f6rderprogramm<\/p>\n<p>Vereine.\u00a0 Durch eine Vereinsmitglied erfuhren wir von dieser Zuwendung, die wir<\/p>\n<p>sofort beantragten und kurz darauf schon einen Check von 527,-\u20ac<\/p>\n<p>entgegen nehmen konnten.<\/p>\n<p>An dieser Stelle bedanken wir uns bei dem Vertreter der Volksbank noch einmal<\/p>\n<p>f\u00fcr die Spende.<\/p>\n<p>&nbsp;<\/p>\n<p><strong>&#8211; Weihnachtsmarkt<\/strong><\/p>\n<p>Wie im vergangen Jahr nahmen wir wieder am Weihnachtsmarkt Teil.<\/p>\n<p>In diesem Jahr konnten wir mit leckeren s\u00fc\u00dfen und herzhaften Cr\u00eapes so wie<\/p>\n<p>hei\u00dfem Apfelwein f\u00fcr die gro\u00dfen und Apfelsaft f\u00fcr unseren keinen G\u00e4ste Punkten.<\/p>\n<p>Von Veranstaltungsbeginn an bis zum Ende hatte das Standpersonal alle H\u00e4nde voll<\/p>\n<p>zu tun die W\u00fcnsche der G\u00e4ste nach und nach abzuarbeiten.<\/p>\n<p>Es sprach sich schnell herum das es an unserem Stand die guten Cr\u00eapes gab,<\/p>\n<p>Das sogar l\u00e4ngere Wartezeiten dabei in Kauf genommen wurden.<\/p>\n<p>Der Weihnachtsmarkt kann nur funktionieren wenn die Organisation stimmt, und gen\u00fcgend Helfer zur Verf\u00fcgung stehen, was hier der Fall war.<\/p>\n<p>Es wurden jede Menge Sponsoren gefunden um die Kosten so gering wie M\u00f6glich zu halten. Der Gewerbeverein stellte uns die H\u00fctte zur Verf\u00fcgung. Die\u00a0Cr\u00eapes Eisen stellte unser Hinnerb\u00e4cker Hans G\u00fcnther Barthel uns zur Verf\u00fcgung. Die Zutaten kamen von einer Firma aus dem Gewerbegebiet.<\/p>\n<p>Hier ein Dank an alle die uns unterst\u00fctzten.<\/p>\n<p>&nbsp;<\/p>\n<p><strong>&#8211; Weihnachtsfeier<\/strong><\/p>\n<p>Was w\u00e4re ein Jahresende ohne eine Weihnachtsfeier, in diesem Jahr konnten wir wie im letzten Jahr im Gasthaus zur Linde wieder einkehren.<\/p>\n<p>Gut angenommen von den Kameraden und der A&amp;E konnten wir bei gutem Essen<\/p>\n<p>und Trinken angenehme Stunden verbringen, und so das Jahr angenehm ausklingen lassen.<\/p>\n<p>&nbsp;<\/p>\n<p><strong>&#8211; Mit Sicherheit ins Leben ( Rauchmelder )<\/strong><\/p>\n<p>Die Aktion \u201e Mit Sicherheit ins Leben jedem B\u00fcttelborner Neugeborenen seinen eigenen Rachmelder\u201c wurde zum letzten mal in diesem Jahr ausgef\u00fchrt.<\/p>\n<p>Es konnten 13 Neugeborenen einen Rauchmelder \u00fcberreicht werden.<\/p>\n<p>Wie oder mit was das es weitergeht wird sich in den N\u00e4chsten<\/p>\n<p>Vorstandssitzungen noch entscheiden.<\/p>\n<p>&nbsp;<\/p>\n<p><strong>&#8211; Schlusswort<\/strong><\/p>\n<p>Zum Schluss meiner Ausf\u00fchrungen m\u00f6chte ich mich noch einmal bei allen bedanken,<\/p>\n<p>die uns in diesem Jahr bei unserer Arbeit unterst\u00fctzt haben ,sei es durch Mitgliederbeitr\u00e4ge, durch tatkr\u00e4ftige Hilfe bei Veranstaltungen, durch Sach- oder Geldspenden.<\/p>\n<p>Mein Dank geht auch an die Gemeinde, f\u00fcr das entgegengebrachte vertrauen.<\/p>\n<p>Ein gro\u00dfen Dank geht an alle Vorstandsmitglieder, die mich in meiner T\u00e4tigkeit als<\/p>\n<p>Vereinsvorsitzenden so unterst\u00fctz haben wie ich es bei meiner Antrittsrede gefordert hatte. Durch Vorstandsarbeit und den Besuch von insgesamt. 11 Vorstandssitzungen opfert jedes Mitglied des Vorstandes unentgeltlich seine Freizeit<\/p>\n<p>Dank auch an den heute leider nicht anwesenden Jugendwart Lucas Fricke,<\/p>\n<p>den Jugendgruppenleiter Denis Barthel so wie seinem Stellvertreter Tobias Graf,<\/p>\n<p>den Kameraden der Einsatzabteilung, die die zwei bei Ihrer Arbeit\u00a0 mit der Jugendfeuerwehr unterst\u00fctzen.<\/p>\n<p>Ganz besonders aber bedanke ich mich bei den aktiven Kameradinnen und Kameraden die in der Einsatzabteilung ihren Dienst versehen und gleichzeitig daf\u00fcr sorgen, dass das oben aufgef\u00fchrte Vereinsleben nicht zu kurz kommt.<\/p>\n<p><strong>\u00a0<\/strong><\/p>\n<p>Vielen Dank<\/p>\n<p>&nbsp;<\/p>\n<p>&nbsp;<\/p>\n<p>B\u00fcttelborn den 06.02.2015<\/p>\n<p>&nbsp;<\/p>\n<p>Thomas Klink,\u00a0 1. Vereinsvorsitzender<\/p>\n","protected":false},"excerpt":{"rendered":"<p>Jahresbericht f\u00fcr das Gesch\u00e4ftsjahr 2014 des F\u00f6rdervereins der Freiwilligen Feuerwehr B\u00fcttelborn 1930 e.V. \u00a0 Der Bericht beinhaltet folgende Punkte. &nbsp; &#8211; Ortspokal Schiessen &#8211; A &amp; E Grillen &#8211; Blaulicht Tour ( Vatertag ) &#8211; Open Air 2014 &#8211; Bild &hellip; <a href=\"http:\/\/ff-buettelborn.de\/wp\/?p=954\">Continue reading <span class=\"meta-nav\">&rarr;<\/span><\/a><\/p>\n","protected":false},"author":5,"featured_media":0,"comment_status":"closed","ping_status":"closed","sticky":false,"template":"","format":"standard","meta":{"footnotes":""},"categories":[1,5],"tags":[],"class_list":["post-954","post","type-post","status-publish","format-standard","hentry","category-allgemein","category-verein"],"_links":{"self":[{"href":"http:\/\/ff-buettelborn.de\/wp\/index.php?rest_route=\/wp\/v2\/posts\/954","targetHints":{"allow":["GET"]}}],"collection":[{"href":"http:\/\/ff-buettelborn.de\/wp\/index.php?rest_route=\/wp\/v2\/posts"}],"about":[{"href":"http:\/\/ff-buettelborn.de\/wp\/index.php?rest_route=\/wp\/v2\/types\/post"}],"author":[{"embeddable":true,"href":"http:\/\/ff-buettelborn.de\/wp\/index.php?rest_route=\/wp\/v2\/users\/5"}],"replies":[{"embeddable":true,"href":"http:\/\/ff-buettelborn.de\/wp\/index.php?rest_route=%2Fwp%2Fv2%2Fcomments&post=954"}],"version-history":[{"count":1,"href":"http:\/\/ff-buettelborn.de\/wp\/index.php?rest_route=\/wp\/v2\/posts\/954\/revisions"}],"predecessor-version":[{"id":955,"href":"http:\/\/ff-buettelborn.de\/wp\/index.php?rest_route=\/wp\/v2\/posts\/954\/revisions\/955"}],"wp:attachment":[{"href":"http:\/\/ff-buettelborn.de\/wp\/index.php?rest_route=%2Fwp%2Fv2%2Fmedia&parent=954"}],"wp:term":[{"taxonomy":"category","embeddable":true,"href":"http:\/\/ff-buettelborn.de\/wp\/index.php?rest_route=%2Fwp%2Fv2%2Fcategories&post=954"},{"taxonomy":"post_tag","embeddable":true,"href":"http:\/\/ff-buettelborn.de\/wp\/index.php?rest_route=%2Fwp%2Fv2%2Ftags&post=954"}],"curies":[{"name":"wp","href":"https:\/\/api.w.org\/{rel}","templated":true}]}}