{"id":950,"date":"2015-02-11T09:23:40","date_gmt":"2015-02-11T08:23:40","guid":{"rendered":"http:\/\/ff-buettelborn.de\/wp\/?p=950"},"modified":"2015-02-11T09:23:40","modified_gmt":"2015-02-11T08:23:40","slug":"dienstversammlung-2015","status":"publish","type":"post","link":"http:\/\/ff-buettelborn.de\/wp\/?p=950","title":{"rendered":"Dienstversammlung 2015"},"content":{"rendered":"<p><strong>Ein recht ruhiges Jahr, jedoch immer weniger Aktive registrierte die Freiwillige Feuerwehr B\u00fcttelborn bei ihrer Dienstversammlung.<\/strong><\/p>\n<div id=\"attachment_949\" style=\"width: 560px\" class=\"wp-caption aligncenter\"><a href=\"http:\/\/ff-buettelborn.de\/wp\/wp-content\/uploads\/2015\/02\/DV2015.jpg\"><img loading=\"lazy\" decoding=\"async\" aria-describedby=\"caption-attachment-949\" class=\"size-full wp-image-949\" src=\"http:\/\/ff-buettelborn.de\/wp\/wp-content\/uploads\/2015\/02\/DV2015.jpg\" alt=\"Bef\u00f6rderungen und Ehrungen standen bei der Dienstversammlung der B\u00fcttelborner Feuerwehr an. Das Bild zeigt (von links) Wehrf\u00fchrer Werner Barthel, Wilfried Rai\u00df (40 Jahre aktiver Dienst), Sven Riekstins (jetzt Feuerwehrmann), Tobias Graf (Oberfeuerwehrmann und Tr\u00e4ger der Floriansmedaille), Thomas Maul (Hauptl\u00f6schmeister), Alexander Sch\u00fc\u00dfler (Oberl\u00f6schmeister), Denis Barthel (Hauptfeuerwehrmann), Gemeindebrandinspektor Erich K\u00f6th und Kreisbrandmeister Werner Meinhardt. \u2002Foto: Alexander Heimann \" width=\"550\" height=\"264\" srcset=\"http:\/\/ff-buettelborn.de\/wp\/wp-content\/uploads\/2015\/02\/DV2015.jpg 550w, http:\/\/ff-buettelborn.de\/wp\/wp-content\/uploads\/2015\/02\/DV2015-300x144.jpg 300w\" sizes=\"auto, (max-width: 550px) 100vw, 550px\" \/><\/a><p id=\"caption-attachment-949\" class=\"wp-caption-text\">Bef\u00f6rderungen und Ehrungen standen bei der Dienstversammlung der B\u00fcttelborner Feuerwehr an. Das Bild zeigt (von links) Wehrf\u00fchrer Werner Barthel, Wilfried Rai\u00df (40 Jahre aktiver Dienst), Sven Riekstins (jetzt Feuerwehrmann), Tobias Graf (Oberfeuerwehrmann und Tr\u00e4ger der Floriansmedaille), Thomas Maul (Hauptl\u00f6schmeister), Alexander Sch\u00fc\u00dfler (Oberl\u00f6schmeister), Denis Barthel (Hauptfeuerwehrmann), Gemeindebrandinspektor Erich K\u00f6th und Kreisbrandmeister Werner Meinhardt. \u2002Foto: Alexander Heimann<\/p><\/div>\n<p>B\u00dcTTELBORN.<\/p>\n<p>20 Mal wurden die B\u00fcttelborner Feuerwehrkameraden 2014 zu Eins\u00e4tzen gerufen. Dass dies nur halb so oft war wie 2013, lag nach Ansicht von Wehrf\u00fchrer Werner Barthel am R\u00fcckgang der Fehlalarme durch Brandmeldeanlagen sowie der \u00d6lspureins\u00e4tze. Vier Mal musste die Feuerwehr nachts und f\u00fcnf Mal tags\u00fcber ausr\u00fccken, um Br\u00e4nde zu l\u00f6schen. Dazu z\u00e4hlte Barthel bei der Dienstversammlung der Freiwilligen Feuerwehr einen Brand auf der M\u00fclldeponie am 19. April, der vermutlich durch Selbstentz\u00fcndung entstanden war und die Feuerwehr rund f\u00fcnf Stunden besch\u00e4ftigte. Hinzu kamen sieben Hilfeleistungseins\u00e4tze bei drei Verkehrsunf\u00e4llen, zwei \u00d6lspurbeseitigungen und zwei sonstigen Hilfeleistungen. Vier Mal gab es Fehlalarme.<\/p>\n<p>Insgesamt leistete die Einsatzabteilung 323 Stunden, davon 201 Stunden bei Brandeins\u00e4tzen, 84 bei Hilfeleistungen und 38 Stunden bei Fehlalarmen. Dar\u00fcber hinaus z\u00e4hlte Barthel 45 Stunden f\u00fcr Brandsicherheitsdienste und 42 Stunden f\u00fcr Dienstleistungen auf.<\/p>\n<p>\u201eEs gibt einfach kein Interesse der Mitb\u00fcrger, am Ehrenamt der Feuerwehr teilzunehmen. Unsere Werbebem\u00fchungen mit pers\u00f6nlichen Anschreiben, Werbeplakaten und Fahrzeugbeschriftungen haben leider keinen Erfolg gebracht\u201c, zeigte sich Barthel entt\u00e4uscht. Nur noch 36 Aktive \u2013 30 M\u00e4nner und sechs Frauen \u2013 mit einem Altersschnitt von 37 Jahren st\u00fcnden im Notfall zum Einsatz bereit. 2014 sei nur Sabrina Klink aus der Jugendfeuerwehr \u00fcbernommen worden. Wegen der Altersstruktur des Nachwuchses seien Neuzug\u00e4nge auch dieses und n\u00e4chstes Jahr nicht zu erwarten, stellte Barthel fest. Zudem gab es vier Austritte aus der Einsatzabteilung und eine \u00dcbernahme in die Alters- und Ehrenabteilung. Barthel forderte daher auch die Gemeindegremien auf, die Werbetrommel zu r\u00fchren.<\/p>\n<p>Bei 60 Ausbildungsveranstaltungen leisteten die Aktiven 1574 Stunden ab. Dazu geh\u00f6ren nicht nur die regelm\u00e4\u00dfigen Unterrichtsabende, sondern auch Lehrg\u00e4nge und Seminare, etwa zur Bedienung von Kettens\u00e4gen, Atemschutzger\u00e4ten und Sprechfunkger\u00e4ten. Lobend hob Barthel das Engagement von Petra Merkel und Florian J\u00e4kel hervor, die jeweils mehr als 90 Stunden in ihre Fortbildung investiert h\u00e4tten. \u201eNur wer regelm\u00e4\u00dfig \u00fcbt, kann sicher helfen\u201c, rief Barthel seinen Kameraden zu. Wie der Wehrf\u00fchrer mitteilte, hat die Feuerwehr zusammen mit der Pestalozzischule eine Projektwoche veranstaltet, bei der die Kinder ihren Eltern eine Brandangriffs\u00fcbung vorf\u00fchrten.<\/p>\n<p>Kreisbrandmeister Werner Meinhardt zeigte sich ebenfalls besorgt \u00fcber schwindende Mitgliederzahlen in allen Feuerwehren des Kreises. Wichtig sei es f\u00fcr die \u201eStammcrew\u201c daher, ihr Wissen auf dem Laufenden zu halten, sagte Meinhardt. \u201eIhr leistet tolle Arbeit\u201c, lobte B\u00fcrgermeister Andreas Rotzinger (CDU) und berichtete, dass die Gemeindegremien die Feuerwehren auch in den kommenden Jahren finanziell wie bisher ausstatten w\u00fcrden. Auch Rotzinger appellierte an die Kameraden, sich weiterzubilden. Auf zugeparkte Durchfahrten angesprochen, sagte er, dieses Problem trete vor allem abends auf. Im Zuge der interkommunalen Zusammenarbeit gebe es Bem\u00fchungen, den ruhenden Verkehr auch dann zu kontrollieren.<\/p>\n<p>Gemeindebrandinspektor Erich K\u00f6th dankte den Aktiven ebenfalls f\u00fcr ihr Engagement und bef\u00f6rderte Denis Barthel zum Hauptfeuerwehrmann, Tobias Graf zum Oberfeuerwehrmann, Thomas Maul zum Hauptl\u00f6schmeister, Sven Riekstins zum Feuerwehrmann und Alexander Sch\u00fc\u00dfler zum Oberl\u00f6schmeister. Geehrt wurden Wilfried Rai\u00df f\u00fcr 40 Jahre im aktiven Dienst mit dem Goldenen Brandschutzehrenabzeichen und Tobias Graf als Anerkennung f\u00fcr seinen Einsatz im Jugendbereich mit der Floriansmedaille der hessischen Landesjugendfeuerwehr.<\/p>\n<p>Wie Barthel weiter bekannt gab, wird der Kreisfeuerwehrtag vom 10. bis 12. Juni in Trebur ausgerichtet. Seit 1. Februar ist der Sprechfunk der Feuerwehren im Kreis Gro\u00df-Gerau digitalisiert. Die B\u00fcttelborner Wehr sei jedoch noch nicht umger\u00fcstet, sodass die Kommunikation vorerst weiterhin analog erfolge.<\/p>\n<p><em>Bericht von echo-online<\/em><\/p>\n<p>&nbsp;<\/p>\n","protected":false},"excerpt":{"rendered":"<p>Ein recht ruhiges Jahr, jedoch immer weniger Aktive registrierte die Freiwillige Feuerwehr B\u00fcttelborn bei ihrer Dienstversammlung. B\u00dcTTELBORN. 20 Mal wurden die B\u00fcttelborner Feuerwehrkameraden 2014 zu Eins\u00e4tzen gerufen. Dass dies nur halb so oft war wie 2013, lag nach Ansicht von &hellip; <a href=\"http:\/\/ff-buettelborn.de\/wp\/?p=950\">Continue reading <span class=\"meta-nav\">&rarr;<\/span><\/a><\/p>\n","protected":false},"author":5,"featured_media":0,"comment_status":"closed","ping_status":"closed","sticky":false,"template":"","format":"standard","meta":{"footnotes":""},"categories":[1,3],"tags":[64,31,66,63,65],"class_list":["post-950","post","type-post","status-publish","format-standard","hentry","category-allgemein","category-einsatzabteilung","tag-befoerderung","tag-dienstversammlung","tag-ehrenamt","tag-jhv","tag-mitglieder"],"_links":{"self":[{"href":"http:\/\/ff-buettelborn.de\/wp\/index.php?rest_route=\/wp\/v2\/posts\/950","targetHints":{"allow":["GET"]}}],"collection":[{"href":"http:\/\/ff-buettelborn.de\/wp\/index.php?rest_route=\/wp\/v2\/posts"}],"about":[{"href":"http:\/\/ff-buettelborn.de\/wp\/index.php?rest_route=\/wp\/v2\/types\/post"}],"author":[{"embeddable":true,"href":"http:\/\/ff-buettelborn.de\/wp\/index.php?rest_route=\/wp\/v2\/users\/5"}],"replies":[{"embeddable":true,"href":"http:\/\/ff-buettelborn.de\/wp\/index.php?rest_route=%2Fwp%2Fv2%2Fcomments&post=950"}],"version-history":[{"count":1,"href":"http:\/\/ff-buettelborn.de\/wp\/index.php?rest_route=\/wp\/v2\/posts\/950\/revisions"}],"predecessor-version":[{"id":951,"href":"http:\/\/ff-buettelborn.de\/wp\/index.php?rest_route=\/wp\/v2\/posts\/950\/revisions\/951"}],"wp:attachment":[{"href":"http:\/\/ff-buettelborn.de\/wp\/index.php?rest_route=%2Fwp%2Fv2%2Fmedia&parent=950"}],"wp:term":[{"taxonomy":"category","embeddable":true,"href":"http:\/\/ff-buettelborn.de\/wp\/index.php?rest_route=%2Fwp%2Fv2%2Fcategories&post=950"},{"taxonomy":"post_tag","embeddable":true,"href":"http:\/\/ff-buettelborn.de\/wp\/index.php?rest_route=%2Fwp%2Fv2%2Ftags&post=950"}],"curies":[{"name":"wp","href":"https:\/\/api.w.org\/{rel}","templated":true}]}}