{"id":909,"date":"2014-12-30T09:36:50","date_gmt":"2014-12-30T08:36:50","guid":{"rendered":"http:\/\/ff-buettelborn.de\/wp\/?p=909"},"modified":"2014-12-30T09:42:51","modified_gmt":"2014-12-30T08:42:51","slug":"motorkettensaegeausbildung-2014","status":"publish","type":"post","link":"http:\/\/ff-buettelborn.de\/wp\/?p=909","title":{"rendered":"Motorkettens\u00e4geausbildung 2014"},"content":{"rendered":"<p>Die Motorkettens\u00e4ge z\u00e4hlt nicht nur bei der Feuerwehr zu den gef\u00e4hrlichsten Werkzeugen. Meist entstehen auch aus \u201ekleine Unf\u00e4lle\u201c mit diesen Ger\u00e4ten gro\u00dfen k\u00f6rperlichen Sch\u00e4den. Aus diesem Grund hat der Gesetzgeber vor der Benutzung einer Motorkettens\u00e4ge im Beruf , wie auch bei der Freiwilligen Feuerwehr, eine theoretische und praktische Ausbildung gesetzt, bei der auch eine schriftliche und praktische Pr\u00fcfung abgelegt werden muss. Nur wer beide Pr\u00fcfungen besteht, kann bei der Feuerwehr mit der Benutzung der Kettens\u00e4ge beauftragt werden.<\/p>\n<p>Die Feuerwehren der Gemeinde B\u00fcttelborn sind in der gl\u00fccklichen Situation, dass sie einen eigenen Ausbilder f\u00fcr Motorkettens\u00e4gen haben.<\/p>\n<p>Der Wehrf\u00fchrer vom OT B\u00fcttelborn, Werner Barthel, absolvierte im Jahre 2013 eine Ausbildung zum Motorkettens\u00e4geninstrukteur.<\/p>\n<p>Diese Ausbildung wurde in der hessischen Landesfeuerwehrschule in Kassel und dem Hessen Forst durchgef\u00fchrt und abgenommen. Mit dieser Ausbildung darf Kamerad Barthel Lehrg\u00e4nge, Pr\u00fcfungen und Fortbildungen f\u00fcr Feuerwehren durchf\u00fchren.<\/p>\n<p>Im Verlauf seines ersten Lehrgangs konnten 6 Kameraden aus B\u00fcttelborn, 3 Kameraden aus Worfelden und einer aus Erfelden mit Erfolg ausgebildet werden.<\/p>\n<p>F\u00fcr den praktischen Teil der Ausbildung wurde Kamerad Barthel von 2 Arbeitskollegen,<br \/>\n<strong>Michael Knauf<\/strong> \u2013 BF Darmstadt und<br \/>\n<strong>Michael Kr\u00f6h<\/strong> \u2013 BF Darmstadt unterst\u00fctzt.<\/p>\n<p><span style=\"text-decoration: underline;\">Die Ausbildung umfasste folgende Punkt<\/span>:<\/p>\n<p><em>Nach den neuen Ausbildungsrichtlinien der UKH und des Hessen Forst wurden die Module ebenfalls neu festgelegt.<\/em><\/p>\n<p><em>Es gibt in Zukunft nur noch Modul A und B f\u00fcr die Feuerwehren <strong>ohne<\/strong> Rettungsk\u00f6rbe oder Hubarbeitsb\u00fchnen.<\/em><\/p>\n<p><em>Modul A: Grundkenntnisse Werkzeuge und Motors\u00e4gen, Arbeiten am liegenden Holz und F\u00e4llung von Schwachholz mit BHD bis 20 cm.<\/em><\/p>\n<p><em>Modul B: Erfolgreicher Abschluss Modul A, F\u00e4llung und Aufarbeitung von B\u00e4umen mit BHD &gt; 20 cm, Zufall bringen und Aufarbeitung geworfener, aufgeschobener oder abgebrochener B\u00e4ume, Seilunterst\u00fctze F\u00e4llungen.<\/em><\/p>\n<p><em>Modul A:\u00a0 min. 8 Unterrichtseinheiten Theorie und min. 8 Unterrichtseinheiten Praxis.<\/em><\/p>\n<p><em>Modul B:\u00a0 min. 8 Unterrichtseinheiten Theorie und min. 16 Unterrichtseinheiten Praxis.<\/em><\/p>\n<p><em>Also wurden an 4 Unterrichtsabende von 18:00 \u2013 21:15 Uhr, 1 Samstag von 08:00 \u2013 12:00 Uhr Theorie und Praxis mit Wartung und Pflege der Ger\u00e4te, 2 Samstage von 08:00 \u2013 16:00 Uhr praktische Ausbildung im Wald insgesamt 40 Stunden von den Auszubildeten und Ausbilder geleistet!<\/em><\/p>\n<p><span style=\"text-decoration: underline;\">Schlussworte von Kamerad Barthel<\/span>:<\/p>\n<p><em>Fazit des Lehrganges:<\/em><\/p>\n<p><em>Alle Teilnehmer, die bereits im privaten mit einer Motors\u00e4ge aber ohne Lehrgang \u00a0gearbeitet haben, waren sich nach dem Lehrgang der Gefahren, die sich selbst die ganze Zeit ausgesetzt haben nicht wirklich bewusst!!! Motors\u00e4gen sind halt kein Spielzeug, das wissen die Teilnehmer jetzt auch so richtig.<\/em><\/p>\n<p><em>Mit dem Spannungssimulator des Hessen Forst konnte gut und f\u00fcr den ein oder anderen auch schmerzhaft die Spannungsverh\u00e4ltnisse im Holz veranschaulicht werden. <\/em><\/p>\n<p><em>Auch die neusten Schnitttechniken von Hessen Forst haben so manchen S\u00e4gef\u00fchrer begeistert.<\/em><\/p>\n<p><em>Im Allgemeinen hat der Lehrgang gefallen und es sollen in der Zukunft nicht nur im OT B\u00fcttelborn Fortbildungen angeboten werden, sondern auch in den anderen Ortsteilen. F\u00fcr B\u00fcttelborn (30.01. + 31.01.15) wollen unsere neu ausgebildeten Kr\u00e4fte auf jeden Fall noch einmal mit in den Wald!!<\/em><\/p>\n<p><em>Zum Schluss soll nicht vergessen werden, der Julia B\u00fcttner von der Fachgruppe Verpflegung der Feuerwehr B\u00fcttelborn f\u00fcr die hervorragende Verpflegung zu danken!!!!<\/em><\/p>\n<p><span style=\"text-decoration: underline;\"><strong>Hier sind noch ein paar Eindr\u00fccke von der Ausbildung im Wald\u00a0<\/strong><\/span><\/p>\n<div id='gallery-1' class='gallery galleryid-909 gallery-columns-3 gallery-size-thumbnail'><dl class='gallery-item'>\n\t\t\t<dt class='gallery-icon landscape'>\n\t\t\t\t<a href='http:\/\/ff-buettelborn.de\/wp\/?attachment_id=932'><img loading=\"lazy\" decoding=\"async\" width=\"150\" height=\"150\" src=\"http:\/\/ff-buettelborn.de\/wp\/wp-content\/uploads\/2014\/12\/K800_20141220_151530-150x150.jpg\" class=\"attachment-thumbnail size-thumbnail\" alt=\"\" \/><\/a>\n\t\t\t<\/dt><\/dl><dl class='gallery-item'>\n\t\t\t<dt class='gallery-icon portrait'>\n\t\t\t\t<a href='http:\/\/ff-buettelborn.de\/wp\/?attachment_id=931'><img loading=\"lazy\" decoding=\"async\" width=\"150\" height=\"150\" src=\"http:\/\/ff-buettelborn.de\/wp\/wp-content\/uploads\/2014\/12\/K800_20141213_123711-e1419928373332-150x150.jpg\" class=\"attachment-thumbnail size-thumbnail\" alt=\"\" \/><\/a>\n\t\t\t<\/dt><\/dl><dl class='gallery-item'>\n\t\t\t<dt class='gallery-icon landscape'>\n\t\t\t\t<a href='http:\/\/ff-buettelborn.de\/wp\/?attachment_id=930'><img loading=\"lazy\" decoding=\"async\" width=\"150\" height=\"150\" src=\"http:\/\/ff-buettelborn.de\/wp\/wp-content\/uploads\/2014\/12\/K800_20141213_123705-150x150.jpg\" class=\"attachment-thumbnail size-thumbnail\" alt=\"\" \/><\/a>\n\t\t\t<\/dt><\/dl><br style=\"clear: both\" \/><dl class='gallery-item'>\n\t\t\t<dt class='gallery-icon landscape'>\n\t\t\t\t<a href='http:\/\/ff-buettelborn.de\/wp\/?attachment_id=929'><img loading=\"lazy\" decoding=\"async\" width=\"150\" height=\"150\" src=\"http:\/\/ff-buettelborn.de\/wp\/wp-content\/uploads\/2014\/12\/K800_20141213_123650-150x150.jpg\" class=\"attachment-thumbnail size-thumbnail\" alt=\"\" \/><\/a>\n\t\t\t<\/dt><\/dl><dl class='gallery-item'>\n\t\t\t<dt class='gallery-icon portrait'>\n\t\t\t\t<a href='http:\/\/ff-buettelborn.de\/wp\/?attachment_id=928'><img loading=\"lazy\" decoding=\"async\" width=\"150\" height=\"150\" src=\"http:\/\/ff-buettelborn.de\/wp\/wp-content\/uploads\/2014\/12\/K800_20141213_123642-e1419928385581-150x150.jpg\" class=\"attachment-thumbnail size-thumbnail\" alt=\"\" \/><\/a>\n\t\t\t<\/dt><\/dl><dl class='gallery-item'>\n\t\t\t<dt class='gallery-icon portrait'>\n\t\t\t\t<a href='http:\/\/ff-buettelborn.de\/wp\/?attachment_id=927'><img loading=\"lazy\" decoding=\"async\" width=\"150\" height=\"150\" src=\"http:\/\/ff-buettelborn.de\/wp\/wp-content\/uploads\/2014\/12\/K800_20141213_123638-e1419928395612-150x150.jpg\" class=\"attachment-thumbnail size-thumbnail\" alt=\"\" \/><\/a>\n\t\t\t<\/dt><\/dl><br style=\"clear: both\" \/><dl class='gallery-item'>\n\t\t\t<dt class='gallery-icon portrait'>\n\t\t\t\t<a href='http:\/\/ff-buettelborn.de\/wp\/?attachment_id=926'><img loading=\"lazy\" decoding=\"async\" width=\"150\" height=\"150\" src=\"http:\/\/ff-buettelborn.de\/wp\/wp-content\/uploads\/2014\/12\/K800_20141213_110712-e1419928404108-150x150.jpg\" class=\"attachment-thumbnail size-thumbnail\" alt=\"\" \/><\/a>\n\t\t\t<\/dt><\/dl><dl class='gallery-item'>\n\t\t\t<dt class='gallery-icon landscape'>\n\t\t\t\t<a href='http:\/\/ff-buettelborn.de\/wp\/?attachment_id=925'><img loading=\"lazy\" decoding=\"async\" width=\"150\" height=\"150\" src=\"http:\/\/ff-buettelborn.de\/wp\/wp-content\/uploads\/2014\/12\/K800_20141213_110703-150x150.jpg\" class=\"attachment-thumbnail size-thumbnail\" alt=\"\" \/><\/a>\n\t\t\t<\/dt><\/dl><dl class='gallery-item'>\n\t\t\t<dt class='gallery-icon landscape'>\n\t\t\t\t<a href='http:\/\/ff-buettelborn.de\/wp\/?attachment_id=924'><img loading=\"lazy\" decoding=\"async\" width=\"150\" height=\"150\" src=\"http:\/\/ff-buettelborn.de\/wp\/wp-content\/uploads\/2014\/12\/K800_20141213_110655-150x150.jpg\" class=\"attachment-thumbnail size-thumbnail\" alt=\"\" \/><\/a>\n\t\t\t<\/dt><\/dl><br style=\"clear: both\" \/><dl class='gallery-item'>\n\t\t\t<dt class='gallery-icon portrait'>\n\t\t\t\t<a href='http:\/\/ff-buettelborn.de\/wp\/?attachment_id=923'><img loading=\"lazy\" decoding=\"async\" width=\"150\" height=\"150\" src=\"http:\/\/ff-buettelborn.de\/wp\/wp-content\/uploads\/2014\/12\/K800_20141213_110644-e1419928415689-150x150.jpg\" class=\"attachment-thumbnail size-thumbnail\" alt=\"\" \/><\/a>\n\t\t\t<\/dt><\/dl><dl class='gallery-item'>\n\t\t\t<dt class='gallery-icon portrait'>\n\t\t\t\t<a href='http:\/\/ff-buettelborn.de\/wp\/?attachment_id=922'><img loading=\"lazy\" decoding=\"async\" width=\"150\" height=\"150\" src=\"http:\/\/ff-buettelborn.de\/wp\/wp-content\/uploads\/2014\/12\/K800_20141213_110632-e1419928423599-150x150.jpg\" class=\"attachment-thumbnail size-thumbnail\" alt=\"\" \/><\/a>\n\t\t\t<\/dt><\/dl><dl class='gallery-item'>\n\t\t\t<dt class='gallery-icon portrait'>\n\t\t\t\t<a href='http:\/\/ff-buettelborn.de\/wp\/?attachment_id=921'><img loading=\"lazy\" decoding=\"async\" width=\"150\" height=\"150\" src=\"http:\/\/ff-buettelborn.de\/wp\/wp-content\/uploads\/2014\/12\/K800_20141213_093518-e1419928432770-150x150.jpg\" class=\"attachment-thumbnail size-thumbnail\" alt=\"\" \/><\/a>\n\t\t\t<\/dt><\/dl><br style=\"clear: both\" \/><dl class='gallery-item'>\n\t\t\t<dt class='gallery-icon landscape'>\n\t\t\t\t<a href='http:\/\/ff-buettelborn.de\/wp\/?attachment_id=920'><img loading=\"lazy\" decoding=\"async\" width=\"150\" height=\"150\" src=\"http:\/\/ff-buettelborn.de\/wp\/wp-content\/uploads\/2014\/12\/K800_20141213_093308-150x150.jpg\" class=\"attachment-thumbnail size-thumbnail\" alt=\"\" \/><\/a>\n\t\t\t<\/dt><\/dl><dl class='gallery-item'>\n\t\t\t<dt class='gallery-icon landscape'>\n\t\t\t\t<a href='http:\/\/ff-buettelborn.de\/wp\/?attachment_id=919'><img loading=\"lazy\" decoding=\"async\" width=\"150\" height=\"150\" src=\"http:\/\/ff-buettelborn.de\/wp\/wp-content\/uploads\/2014\/12\/K800_20141213_093305-150x150.jpg\" class=\"attachment-thumbnail size-thumbnail\" alt=\"\" \/><\/a>\n\t\t\t<\/dt><\/dl><dl class='gallery-item'>\n\t\t\t<dt class='gallery-icon landscape'>\n\t\t\t\t<a href='http:\/\/ff-buettelborn.de\/wp\/?attachment_id=918'><img loading=\"lazy\" decoding=\"async\" width=\"150\" height=\"150\" src=\"http:\/\/ff-buettelborn.de\/wp\/wp-content\/uploads\/2014\/12\/K800_20141213_093244-150x150.jpg\" class=\"attachment-thumbnail size-thumbnail\" alt=\"\" \/><\/a>\n\t\t\t<\/dt><\/dl><br style=\"clear: both\" \/><dl class='gallery-item'>\n\t\t\t<dt class='gallery-icon landscape'>\n\t\t\t\t<a href='http:\/\/ff-buettelborn.de\/wp\/?attachment_id=917'><img loading=\"lazy\" decoding=\"async\" width=\"150\" height=\"150\" src=\"http:\/\/ff-buettelborn.de\/wp\/wp-content\/uploads\/2014\/12\/K800_20141213_093228-150x150.jpg\" class=\"attachment-thumbnail size-thumbnail\" alt=\"\" \/><\/a>\n\t\t\t<\/dt><\/dl><dl class='gallery-item'>\n\t\t\t<dt class='gallery-icon landscape'>\n\t\t\t\t<a href='http:\/\/ff-buettelborn.de\/wp\/?attachment_id=916'><img loading=\"lazy\" decoding=\"async\" width=\"150\" height=\"150\" src=\"http:\/\/ff-buettelborn.de\/wp\/wp-content\/uploads\/2014\/12\/K800_20141213_093218-150x150.jpg\" class=\"attachment-thumbnail size-thumbnail\" alt=\"\" \/><\/a>\n\t\t\t<\/dt><\/dl><dl class='gallery-item'>\n\t\t\t<dt class='gallery-icon landscape'>\n\t\t\t\t<a href='http:\/\/ff-buettelborn.de\/wp\/?attachment_id=915'><img loading=\"lazy\" decoding=\"async\" width=\"150\" height=\"150\" src=\"http:\/\/ff-buettelborn.de\/wp\/wp-content\/uploads\/2014\/12\/K800_20141213_093141-150x150.jpg\" class=\"attachment-thumbnail size-thumbnail\" alt=\"\" \/><\/a>\n\t\t\t<\/dt><\/dl><br style=\"clear: both\" \/>\n\t\t<\/div>\n\n","protected":false},"excerpt":{"rendered":"<p>Die Motorkettens\u00e4ge z\u00e4hlt nicht nur bei der Feuerwehr zu den gef\u00e4hrlichsten Werkzeugen. Meist entstehen auch aus \u201ekleine Unf\u00e4lle\u201c mit diesen Ger\u00e4ten gro\u00dfen k\u00f6rperlichen Sch\u00e4den. Aus diesem Grund hat der Gesetzgeber vor der Benutzung einer Motorkettens\u00e4ge im Beruf , wie auch &hellip; <a href=\"http:\/\/ff-buettelborn.de\/wp\/?p=909\">Continue reading <span class=\"meta-nav\">&rarr;<\/span><\/a><\/p>\n","protected":false},"author":5,"featured_media":0,"comment_status":"closed","ping_status":"closed","sticky":false,"template":"","format":"standard","meta":{"footnotes":""},"categories":[1,3],"tags":[60,61,59,62],"class_list":["post-909","post","type-post","status-publish","format-standard","hentry","category-allgemein","category-einsatzabteilung","tag-ausbildung","tag-fichtenmoped","tag-motorkettensaege","tag-stiehl"],"_links":{"self":[{"href":"http:\/\/ff-buettelborn.de\/wp\/index.php?rest_route=\/wp\/v2\/posts\/909","targetHints":{"allow":["GET"]}}],"collection":[{"href":"http:\/\/ff-buettelborn.de\/wp\/index.php?rest_route=\/wp\/v2\/posts"}],"about":[{"href":"http:\/\/ff-buettelborn.de\/wp\/index.php?rest_route=\/wp\/v2\/types\/post"}],"author":[{"embeddable":true,"href":"http:\/\/ff-buettelborn.de\/wp\/index.php?rest_route=\/wp\/v2\/users\/5"}],"replies":[{"embeddable":true,"href":"http:\/\/ff-buettelborn.de\/wp\/index.php?rest_route=%2Fwp%2Fv2%2Fcomments&post=909"}],"version-history":[{"count":0,"href":"http:\/\/ff-buettelborn.de\/wp\/index.php?rest_route=\/wp\/v2\/posts\/909\/revisions"}],"wp:attachment":[{"href":"http:\/\/ff-buettelborn.de\/wp\/index.php?rest_route=%2Fwp%2Fv2%2Fmedia&parent=909"}],"wp:term":[{"taxonomy":"category","embeddable":true,"href":"http:\/\/ff-buettelborn.de\/wp\/index.php?rest_route=%2Fwp%2Fv2%2Fcategories&post=909"},{"taxonomy":"post_tag","embeddable":true,"href":"http:\/\/ff-buettelborn.de\/wp\/index.php?rest_route=%2Fwp%2Fv2%2Ftags&post=909"}],"curies":[{"name":"wp","href":"https:\/\/api.w.org\/{rel}","templated":true}]}}