{"id":654,"date":"2014-01-26T06:06:14","date_gmt":"2014-01-26T05:06:14","guid":{"rendered":"http:\/\/ff-buettelborn.de\/wp\/?p=654"},"modified":"2014-02-16T11:46:23","modified_gmt":"2014-02-16T10:46:23","slug":"veraenderung-an-der-spitze","status":"publish","type":"post","link":"http:\/\/ff-buettelborn.de\/wp\/?p=654","title":{"rendered":"Ver\u00e4nderung an der Spitze"},"content":{"rendered":"<p>Am 24.01.2014 wurden in der Feuerwehr B\u00fcttelborn die Dienstversammlung f\u00fcr die Einsatzabteilung und die Jahreshauptversammlung f\u00fcr den F\u00f6rderverein der Freiwilligen Feuerwehr 1930 e.V. abgehalten. In beiden Sitzungen wurden die F\u00fchrungen gewechselt.<\/p>\n<p>In der Einsatzabteilung konnte nach Jahren wieder ein Wehrf\u00fchrer gew\u00e4hlt werden. <strong>Werner Barthel<\/strong> lie\u00df sich zum neuen Wehrf\u00fchrer w\u00e4hlen. Unterst\u00fctzt wird er in Zukunft von seinem neuen Stellvertreter <strong>Alexander Sch\u00fc\u00dfler<\/strong>.<\/p>\n<p>Beim Verein rutschte der fr\u00fchere 2. auf. <strong>Thomas Klink<\/strong> \u00fcbernimmt ab sofort den Job des Vereinsvorsitzenden. Auch er hat einen Vertreter, <strong>Sven Riekstins<\/strong> lie\u00df sich hierzu w\u00e4hlen und sorgt f\u00fcr neuen Wind.<br \/>\nAber auch Teile des Vorstandes wurden neu besetzt. Die Kameraden Denis Barthel und Lesley-Anne Sch\u00fc\u00dfler sorgen auch hier f\u00fcr neues Blut.<\/p>\n","protected":false},"excerpt":{"rendered":"<p>Am 24.01.2014 wurden in der Feuerwehr B\u00fcttelborn die Dienstversammlung f\u00fcr die Einsatzabteilung und die Jahreshauptversammlung f\u00fcr den F\u00f6rderverein der Freiwilligen Feuerwehr 1930 e.V. abgehalten. In beiden Sitzungen wurden die F\u00fchrungen gewechselt. In der Einsatzabteilung konnte nach Jahren wieder ein Wehrf\u00fchrer &hellip; <a href=\"http:\/\/ff-buettelborn.de\/wp\/?p=654\">Continue reading <span class=\"meta-nav\">&rarr;<\/span><\/a><\/p>\n","protected":false},"author":5,"featured_media":0,"comment_status":"closed","ping_status":"closed","sticky":false,"template":"","format":"standard","meta":{"footnotes":""},"categories":[1,3,5],"tags":[31,32,29,30],"class_list":["post-654","post","type-post","status-publish","format-standard","hentry","category-allgemein","category-einsatzabteilung","category-verein","tag-dienstversammlung","tag-jahreshauptversammlung","tag-vorstand","tag-wehrfuehrer"],"_links":{"self":[{"href":"http:\/\/ff-buettelborn.de\/wp\/index.php?rest_route=\/wp\/v2\/posts\/654","targetHints":{"allow":["GET"]}}],"collection":[{"href":"http:\/\/ff-buettelborn.de\/wp\/index.php?rest_route=\/wp\/v2\/posts"}],"about":[{"href":"http:\/\/ff-buettelborn.de\/wp\/index.php?rest_route=\/wp\/v2\/types\/post"}],"author":[{"embeddable":true,"href":"http:\/\/ff-buettelborn.de\/wp\/index.php?rest_route=\/wp\/v2\/users\/5"}],"replies":[{"embeddable":true,"href":"http:\/\/ff-buettelborn.de\/wp\/index.php?rest_route=%2Fwp%2Fv2%2Fcomments&post=654"}],"version-history":[{"count":0,"href":"http:\/\/ff-buettelborn.de\/wp\/index.php?rest_route=\/wp\/v2\/posts\/654\/revisions"}],"wp:attachment":[{"href":"http:\/\/ff-buettelborn.de\/wp\/index.php?rest_route=%2Fwp%2Fv2%2Fmedia&parent=654"}],"wp:term":[{"taxonomy":"category","embeddable":true,"href":"http:\/\/ff-buettelborn.de\/wp\/index.php?rest_route=%2Fwp%2Fv2%2Fcategories&post=654"},{"taxonomy":"post_tag","embeddable":true,"href":"http:\/\/ff-buettelborn.de\/wp\/index.php?rest_route=%2Fwp%2Fv2%2Ftags&post=654"}],"curies":[{"name":"wp","href":"https:\/\/api.w.org\/{rel}","templated":true}]}}