{"id":616,"date":"2013-12-30T11:21:12","date_gmt":"2013-12-30T10:21:12","guid":{"rendered":"http:\/\/ff-buettelborn.de\/wp\/?p=616"},"modified":"2014-01-09T19:26:32","modified_gmt":"2014-01-09T18:26:32","slug":"dienst-und-jahreshauptversammlung","status":"publish","type":"post","link":"http:\/\/ff-buettelborn.de\/wp\/?p=616","title":{"rendered":"Dienst- und Jahreshauptversammlung"},"content":{"rendered":"<p><strong>Einladung zur Dienstversammlung der<\/strong><br \/>\n<strong> Freiwilligen Feuerwehr B\u00fcttelborn am 24. Januar 2014<\/strong><\/p>\n<p>Die Mitglieder der Einsatzabteilung der Feuerwehr B\u00fcttelborn werden hiermit fristgerecht zur Dienstversammlung am<\/p>\n<p><center><strong>Freitag den 24. Januar 2014 um 19.00 Uhr<\/strong><\/center><br \/>\nin das Ger\u00e4tehaus B\u00fcttelborn eingeladen.<\/p>\n<p>Tagesordnung:<br \/>\nTOP 1 Er\u00f6ffnung u. Begr\u00fc\u00dfung<br \/>\nTOP 2 Genehmigung des <a title=\"Protokoll\" href=\"https:\/\/skydrive.live.com\/redir?resid=2EC7DE6D3ACE3149!13277&amp;authkey=!AMDu5P26uKbMnc8&amp;ithint=file%2c.pdf\" target=\"_blank\">letzten Protokolls<\/a><br \/>\nTOP 3 Jahresbericht des stell. Wehrf\u00fchrers &#8211; mit anschlie\u00dfender Aussprache zum Bericht<br \/>\nTOP 4 Bericht des Jugendwartes &#8211; mit anschlie\u00dfender Aussprache zum Bericht<br \/>\nTOP 5 Gru\u00dfworte der G\u00e4ste<br \/>\nTOP 6 Neuwahlen nach \u00a7 17 der Satzung der Feuerwehren der Gemeinde B\u00fcttelborn<\/p>\n<ol>\n<ul>&#8211; Wehrf\u00fchrer<\/ul>\n<ul>&#8211; stellv. Wehrf\u00fchrer<\/ul>\n<\/ol>\n<p>TOP 7 \u00dcbernahmen in den aktiven Dienst, Bef\u00f6rderungen und Ehrungen<br \/>\nTOP 8 Verschiedenes<\/p>\n<p><strong>Um die Beschlussf\u00e4higkeit nach \u00a715 Abs. 5 der Feuerwehrsatzung festzustellen, bitte ich um p\u00fcnktliches und vollz\u00e4hliges Erscheinen. Die Versammlung ist beschlussf\u00e4hig, wenn mindestens ein Drittel der Mitglieder der Einsatzabteilung anwesend ist. Bei Beschlussunf\u00e4higkeit beginnt die Dienstversammlung eine halbe Stunde sp\u00e4ter ohne R\u00fccksicht auf die Zahl der anwesenden Mitglieder der Einsatzabteilung.<br \/>\n<\/strong><em><br \/>\nThomas Maul \u2013 stell. Wehrf\u00fchrer<\/em><\/p>\n<p>&nbsp;<\/p>\n<p><strong>Einladung zur Jahreshauptversammlung des F\u00f6rdervereins der Freiwillige Feuerwehr B\u00fcttelborn 1930 e.V. am 24. Januar 2014<br \/>\n<\/strong><br \/>\nIm Anschluss an die Dienstversammlung der Einsatzabteilung findet die Jahreshauptversammlung des F\u00f6rdervereins der Freiwillige Feuerwehr B\u00fcttelborn 1930 e.V. statt. Hierzu sind alle aktiven und inaktiven Mitglieder recht herzlich eingeladen.<br \/>\nTagesordnung:<br \/>\nTOP 1 Begr\u00fc\u00dfung<br \/>\nTOP 2 Genehmigung des vorab <a title=\"Protokoll\" href=\"https:\/\/skydrive.live.com\/redir?resid=2EC7DE6D3ACE3149!13276&#038;authkey=!ADJngFuCD6xeOJQ&#038;ithint=file%2c.pdf\" target=\"_blank\">ver\u00f6ffentlichten Protokolls<\/a><br \/>\nTOP 3 Bericht der 1. Vorsitzenden<br \/>\nTOP 4 Kassenbericht<br \/>\nTOP 5 Bericht der Revisoren<br \/>\nTOP 6 Aussprache \u00fcber die Berichte und Entlastung des Vorstandes<br \/>\nTOP 7 Neuwahlen<\/p>\n<p style=\"padding-left: 30px;\">A) Wahl der\/ des Wahlleiters<br \/>\nB) Wahl der\/des 1. Vorsitzenden<br \/>\nC) Wahl der\/ des stellv. Vorsitzende\/ -n<br \/>\nD) Wahl der\/ des Schriftf\u00fchrers\/ -in<br \/>\nE) Wahl der\/ des Kassenwartes\/ -in<br \/>\nF) Wahl der\/ des Pressewartes<br \/>\nG) Wahl von drei Beisitzern<br \/>\nH) Wahl eines Revisors<\/p>\n<p>TOP 9 Ehrungen<br \/>\nTOP 10 Verschiedenes<\/p>\n<p>Julia B\u00fcttner &#8211; 1. Vorsitzende<\/p>\n","protected":false},"excerpt":{"rendered":"<p>Einladung zur Dienstversammlung der Freiwilligen Feuerwehr B\u00fcttelborn am 24. Januar 2014 Die Mitglieder der Einsatzabteilung der Feuerwehr B\u00fcttelborn werden hiermit fristgerecht zur Dienstversammlung am Freitag den 24. Januar 2014 um 19.00 Uhr in das Ger\u00e4tehaus B\u00fcttelborn eingeladen. Tagesordnung: TOP 1 &hellip; <a href=\"http:\/\/ff-buettelborn.de\/wp\/?p=616\">Continue reading <span class=\"meta-nav\">&rarr;<\/span><\/a><\/p>\n","protected":false},"author":5,"featured_media":0,"comment_status":"closed","ping_status":"closed","sticky":false,"template":"","format":"standard","meta":{"footnotes":""},"categories":[1,3,5],"tags":[],"class_list":["post-616","post","type-post","status-publish","format-standard","hentry","category-allgemein","category-einsatzabteilung","category-verein"],"_links":{"self":[{"href":"http:\/\/ff-buettelborn.de\/wp\/index.php?rest_route=\/wp\/v2\/posts\/616","targetHints":{"allow":["GET"]}}],"collection":[{"href":"http:\/\/ff-buettelborn.de\/wp\/index.php?rest_route=\/wp\/v2\/posts"}],"about":[{"href":"http:\/\/ff-buettelborn.de\/wp\/index.php?rest_route=\/wp\/v2\/types\/post"}],"author":[{"embeddable":true,"href":"http:\/\/ff-buettelborn.de\/wp\/index.php?rest_route=\/wp\/v2\/users\/5"}],"replies":[{"embeddable":true,"href":"http:\/\/ff-buettelborn.de\/wp\/index.php?rest_route=%2Fwp%2Fv2%2Fcomments&post=616"}],"version-history":[{"count":0,"href":"http:\/\/ff-buettelborn.de\/wp\/index.php?rest_route=\/wp\/v2\/posts\/616\/revisions"}],"wp:attachment":[{"href":"http:\/\/ff-buettelborn.de\/wp\/index.php?rest_route=%2Fwp%2Fv2%2Fmedia&parent=616"}],"wp:term":[{"taxonomy":"category","embeddable":true,"href":"http:\/\/ff-buettelborn.de\/wp\/index.php?rest_route=%2Fwp%2Fv2%2Fcategories&post=616"},{"taxonomy":"post_tag","embeddable":true,"href":"http:\/\/ff-buettelborn.de\/wp\/index.php?rest_route=%2Fwp%2Fv2%2Ftags&post=616"}],"curies":[{"name":"wp","href":"https:\/\/api.w.org\/{rel}","templated":true}]}}