{"id":2684,"date":"2025-09-10T08:06:41","date_gmt":"2025-09-10T06:06:41","guid":{"rendered":"http:\/\/ff-buettelborn.de\/wp\/?p=2684"},"modified":"2025-09-10T08:16:02","modified_gmt":"2025-09-10T06:16:02","slug":"%e2%9a%a0%ef%b8%8fbundesweiter-warntag%e2%9a%a0%ef%b8%8f","status":"publish","type":"post","link":"http:\/\/ff-buettelborn.de\/wp\/?p=2684","title":{"rendered":"&#x26a0;&#xfe0f;Bundesweiter Warntag!&#x26a0;&#xfe0f;"},"content":{"rendered":"\n<figure class=\"wp-block-image size-large\"><a href=\"http:\/\/ff-buettelborn.de\/wp\/wp-content\/uploads\/2025\/03\/Sirenensignal.jpeg\"><img loading=\"lazy\" decoding=\"async\" width=\"1024\" height=\"689\" src=\"http:\/\/ff-buettelborn.de\/wp\/wp-content\/uploads\/2025\/03\/Sirenensignal-1024x689.jpeg\" alt=\"\" class=\"wp-image-2621\" srcset=\"http:\/\/ff-buettelborn.de\/wp\/wp-content\/uploads\/2025\/03\/Sirenensignal-1024x689.jpeg 1024w, http:\/\/ff-buettelborn.de\/wp\/wp-content\/uploads\/2025\/03\/Sirenensignal-300x202.jpeg 300w, http:\/\/ff-buettelborn.de\/wp\/wp-content\/uploads\/2025\/03\/Sirenensignal-768x517.jpeg 768w, http:\/\/ff-buettelborn.de\/wp\/wp-content\/uploads\/2025\/03\/Sirenensignal.jpeg 1080w\" sizes=\"auto, (max-width: 1024px) 100vw, 1024px\" \/><\/a><\/figure>\n\n\n\n<p>&#x26a0;&#xfe0f;Bundesweiter Warntag!&#x26a0;&#xfe0f; Der Warntag am 11. September 2025 beginnt um 11:00 Uhr mit der bundesweiten Warnung, sowohl \u00fcber Cell-Broadcast&#x1f4f3;, WarnApps (z.B. hessenWARN) als auch \u00fcber die sich beteiligenden Rundfunkanstalten&#x1f4fb;. Sofern in den Kommunen ausl\u00f6sbare Sirenen&#x1f4ef; f\u00fcr die Warnung zur Verf\u00fcgung stehen, erfolgt dabei auch ein Probealarm mit dem Sirenensignal \u201eWarnung der Bev\u00f6lkerung\u201c. Um 11:45 Uhr erfolgt die Entwarnung.<\/p>\n\n\n\n<p>\u201eWarnung der Bev\u00f6lkerung\u201c<br>Einmin\u00fctiger auf- und abschwellender Heulton<\/p>\n\n\n\n<p>Bedeutung: Es besteht eine \u00f6rtliche Gefahr f\u00fcr Personen oder Sachen \u2013 informieren Sie sich hierzu in den Medien (regionale Radio-, ggf. auch Fernsender, Internet) -rufen Sie hierzu NICHT die Notrufnummern 112 und 110 an.<\/p>\n\n\n\n<p>Entwarnung<br>Einmin\u00fctiger durchg\u00e4ngiger Dauerton<\/p>\n\n\n\n<p>Bedeutung: Es besteht keine Gefahr mehr \u2013 die Warnung ist aufgehoben.<\/p>\n\n\n\n<p><\/p>\n\n\n\n<p><a href=\"https:\/\/www.bbk.bund.de\/SharedDocs\/Pressemitteilungen\/DE\/2025\/09\/pm-04-ankuendigung-buwata2025.html\" target=\"_blank\" rel=\"noreferrer noopener\">Weiter Infos vom Amt f\u00fcr Bev\u00f6lkerungsschutz<\/a> <\/p>\n\n\n\n<p><\/p>\n","protected":false},"excerpt":{"rendered":"<p>&#x26a0;&#xfe0f;Bundesweiter Warntag!&#x26a0;&#xfe0f; Der Warntag am 11. September 2025 beginnt um 11:00 Uhr mit der bundesweiten Warnung, sowohl \u00fcber Cell-Broadcast&#x1f4f3;, WarnApps (z.B. hessenWARN) als auch \u00fcber die sich beteiligenden Rundfunkanstalten&#x1f4fb;. Sofern in den Kommunen ausl\u00f6sbare Sirenen&#x1f4ef; f\u00fcr die Warnung zur Verf\u00fcgung &hellip; <a href=\"http:\/\/ff-buettelborn.de\/wp\/?p=2684\">Continue reading <span class=\"meta-nav\">&rarr;<\/span><\/a><\/p>\n","protected":false},"author":5,"featured_media":0,"comment_status":"closed","ping_status":"closed","sticky":false,"template":"","format":"standard","meta":{"footnotes":""},"categories":[1,3],"tags":[204],"class_list":["post-2684","post","type-post","status-publish","format-standard","hentry","category-allgemein","category-einsatzabteilung","tag-warntag-2025"],"_links":{"self":[{"href":"http:\/\/ff-buettelborn.de\/wp\/index.php?rest_route=\/wp\/v2\/posts\/2684","targetHints":{"allow":["GET"]}}],"collection":[{"href":"http:\/\/ff-buettelborn.de\/wp\/index.php?rest_route=\/wp\/v2\/posts"}],"about":[{"href":"http:\/\/ff-buettelborn.de\/wp\/index.php?rest_route=\/wp\/v2\/types\/post"}],"author":[{"embeddable":true,"href":"http:\/\/ff-buettelborn.de\/wp\/index.php?rest_route=\/wp\/v2\/users\/5"}],"replies":[{"embeddable":true,"href":"http:\/\/ff-buettelborn.de\/wp\/index.php?rest_route=%2Fwp%2Fv2%2Fcomments&post=2684"}],"version-history":[{"count":4,"href":"http:\/\/ff-buettelborn.de\/wp\/index.php?rest_route=\/wp\/v2\/posts\/2684\/revisions"}],"predecessor-version":[{"id":2689,"href":"http:\/\/ff-buettelborn.de\/wp\/index.php?rest_route=\/wp\/v2\/posts\/2684\/revisions\/2689"}],"wp:attachment":[{"href":"http:\/\/ff-buettelborn.de\/wp\/index.php?rest_route=%2Fwp%2Fv2%2Fmedia&parent=2684"}],"wp:term":[{"taxonomy":"category","embeddable":true,"href":"http:\/\/ff-buettelborn.de\/wp\/index.php?rest_route=%2Fwp%2Fv2%2Fcategories&post=2684"},{"taxonomy":"post_tag","embeddable":true,"href":"http:\/\/ff-buettelborn.de\/wp\/index.php?rest_route=%2Fwp%2Fv2%2Ftags&post=2684"}],"curies":[{"name":"wp","href":"https:\/\/api.w.org\/{rel}","templated":true}]}}