{"id":2677,"date":"2025-07-04T09:19:06","date_gmt":"2025-07-04T07:19:06","guid":{"rendered":"http:\/\/ff-buettelborn.de\/wp\/?p=2677"},"modified":"2025-07-04T09:19:06","modified_gmt":"2025-07-04T07:19:06","slug":"wir-haben-ereignisreiche-tage-hinter-uns","status":"publish","type":"post","link":"http:\/\/ff-buettelborn.de\/wp\/?p=2677","title":{"rendered":"Wir haben ereignisreiche Tage hinter uns."},"content":{"rendered":"\n<p>Einsatz Nr. 43 bis 46\/25, vom 1. Juli bis 3. Juli 2025.<br>An den letzten beiden Tagen wurden wir per Sirene zu zwei Gewerbebetrieben alarmiert, da die Brandmeldeanlagen ausgel\u00f6st hatten. Hier mu\u00dften wir jedoch nicht t\u00e4tig werden und konnten die Einsatzstellen nach kurzem wieder an die Betreiber \u00fcbergeben.<br>Heute Vormittag wurden wir von einem aufmerksamen Nachbarn verst\u00e4ndigt, da in der Nachbarschaft deutlich der Rauchwarnmelder zu h\u00f6ren war und Qualm aus dem Fenster kam. Auch hier wurden wir per Sirene alarmiert. Vor Ort konnten wir angebranntes Kochgut feststellen, auch hier mussten wir kaum t\u00e4tig werden.<br>Heute Nachmittag wurden wir mittels Sirene erneut alarmiert. H Klemm 1Y war das Einsatzstichwort. Mit insgesamt 7 involvierten Fahrzeugen, 3 eingeklemmten\/ eingeschlossenen Personen und insgesamt 12 betroffenen Personen hatten wir hier einiges zu tun. Der Rettungsdienst hat aufgrund der 8 verletzten Personen einen ManV 5 ausgel\u00f6st, was dazu f\u00fchrte, dass sieben Rettungswagen, drei Not\u00e4rzte, der Brandschutzaufsichtsdienst und der organisatorische Leiter Rettungsdienst ebenfalls angefordert wurden. Die Feuerwehren aus B\u00fcttelborn, Klein-Gerau, Gro\u00df-Gerau und Weiterstadt waren mit insgesamt ca. 60 Einsatzkr\u00e4ften vor Ort, um die Personenrettung durchzuf\u00fchren. W\u00e4hrend der Rettungsma\u00dfnahmen kam es im R\u00fcckstau zu einem Folgeunfall, wegen auslaufender Fl\u00fcssigkeiten mussten wir auch hier t\u00e4tig werden, allerdings wurde bei diesem Unfall niemand verletzt.<\/p>\n\n\n\n<p>Vielen Dank an alle eingesetzten Kr\u00e4fte f\u00fcr die gute Zusammenarbeit.<\/p>\n\n\n\n<figure class=\"wp-block-gallery has-nested-images columns-default is-cropped wp-block-gallery-1 is-layout-flex wp-block-gallery-is-layout-flex\">\n<figure class=\"wp-block-image size-large\"><a href=\"http:\/\/ff-buettelborn.de\/wp\/wp-content\/uploads\/2025\/07\/Juni2025_Einsatz1.jpeg\"><img loading=\"lazy\" decoding=\"async\" width=\"1024\" height=\"768\" data-id=\"2680\" src=\"http:\/\/ff-buettelborn.de\/wp\/wp-content\/uploads\/2025\/07\/Juni2025_Einsatz1-1024x768.jpeg\" alt=\"\" class=\"wp-image-2680\" srcset=\"http:\/\/ff-buettelborn.de\/wp\/wp-content\/uploads\/2025\/07\/Juni2025_Einsatz1-1024x768.jpeg 1024w, http:\/\/ff-buettelborn.de\/wp\/wp-content\/uploads\/2025\/07\/Juni2025_Einsatz1-300x225.jpeg 300w, http:\/\/ff-buettelborn.de\/wp\/wp-content\/uploads\/2025\/07\/Juni2025_Einsatz1-768x576.jpeg 768w, http:\/\/ff-buettelborn.de\/wp\/wp-content\/uploads\/2025\/07\/Juni2025_Einsatz1-1536x1152.jpeg 1536w, http:\/\/ff-buettelborn.de\/wp\/wp-content\/uploads\/2025\/07\/Juni2025_Einsatz1.jpeg 1600w\" sizes=\"auto, (max-width: 1024px) 100vw, 1024px\" \/><\/a><\/figure>\n\n\n\n<figure class=\"wp-block-image size-large\"><a href=\"http:\/\/ff-buettelborn.de\/wp\/wp-content\/uploads\/2025\/07\/Juni2025_Einsatz2.jpeg\"><img loading=\"lazy\" decoding=\"async\" width=\"1024\" height=\"768\" data-id=\"2678\" src=\"http:\/\/ff-buettelborn.de\/wp\/wp-content\/uploads\/2025\/07\/Juni2025_Einsatz2-1024x768.jpeg\" alt=\"\" class=\"wp-image-2678\" srcset=\"http:\/\/ff-buettelborn.de\/wp\/wp-content\/uploads\/2025\/07\/Juni2025_Einsatz2-1024x768.jpeg 1024w, http:\/\/ff-buettelborn.de\/wp\/wp-content\/uploads\/2025\/07\/Juni2025_Einsatz2-300x225.jpeg 300w, http:\/\/ff-buettelborn.de\/wp\/wp-content\/uploads\/2025\/07\/Juni2025_Einsatz2-768x576.jpeg 768w, http:\/\/ff-buettelborn.de\/wp\/wp-content\/uploads\/2025\/07\/Juni2025_Einsatz2-1536x1152.jpeg 1536w, http:\/\/ff-buettelborn.de\/wp\/wp-content\/uploads\/2025\/07\/Juni2025_Einsatz2.jpeg 1600w\" sizes=\"auto, (max-width: 1024px) 100vw, 1024px\" \/><\/a><\/figure>\n\n\n\n<figure class=\"wp-block-image size-large\"><a href=\"http:\/\/ff-buettelborn.de\/wp\/wp-content\/uploads\/2025\/07\/Juni2025_Einsatz3.jpeg\"><img loading=\"lazy\" decoding=\"async\" width=\"1024\" height=\"768\" data-id=\"2679\" src=\"http:\/\/ff-buettelborn.de\/wp\/wp-content\/uploads\/2025\/07\/Juni2025_Einsatz3-1024x768.jpeg\" alt=\"\" class=\"wp-image-2679\" srcset=\"http:\/\/ff-buettelborn.de\/wp\/wp-content\/uploads\/2025\/07\/Juni2025_Einsatz3-1024x768.jpeg 1024w, http:\/\/ff-buettelborn.de\/wp\/wp-content\/uploads\/2025\/07\/Juni2025_Einsatz3-300x225.jpeg 300w, http:\/\/ff-buettelborn.de\/wp\/wp-content\/uploads\/2025\/07\/Juni2025_Einsatz3-768x576.jpeg 768w, http:\/\/ff-buettelborn.de\/wp\/wp-content\/uploads\/2025\/07\/Juni2025_Einsatz3-1536x1152.jpeg 1536w, http:\/\/ff-buettelborn.de\/wp\/wp-content\/uploads\/2025\/07\/Juni2025_Einsatz3.jpeg 1600w\" sizes=\"auto, (max-width: 1024px) 100vw, 1024px\" \/><\/a><\/figure>\n\n\n\n<figure class=\"wp-block-image size-large\"><a href=\"http:\/\/ff-buettelborn.de\/wp\/wp-content\/uploads\/2025\/07\/Juni2025_Einsatz4.jpeg\"><img loading=\"lazy\" decoding=\"async\" width=\"1024\" height=\"768\" data-id=\"2681\" src=\"http:\/\/ff-buettelborn.de\/wp\/wp-content\/uploads\/2025\/07\/Juni2025_Einsatz4-1024x768.jpeg\" alt=\"\" class=\"wp-image-2681\" srcset=\"http:\/\/ff-buettelborn.de\/wp\/wp-content\/uploads\/2025\/07\/Juni2025_Einsatz4-1024x768.jpeg 1024w, http:\/\/ff-buettelborn.de\/wp\/wp-content\/uploads\/2025\/07\/Juni2025_Einsatz4-300x225.jpeg 300w, http:\/\/ff-buettelborn.de\/wp\/wp-content\/uploads\/2025\/07\/Juni2025_Einsatz4-768x576.jpeg 768w, http:\/\/ff-buettelborn.de\/wp\/wp-content\/uploads\/2025\/07\/Juni2025_Einsatz4-1536x1152.jpeg 1536w, http:\/\/ff-buettelborn.de\/wp\/wp-content\/uploads\/2025\/07\/Juni2025_Einsatz4.jpeg 2048w\" sizes=\"auto, (max-width: 1024px) 100vw, 1024px\" \/><\/a><\/figure>\n<\/figure>\n","protected":false},"excerpt":{"rendered":"<p>Einsatz Nr. 43 bis 46\/25, vom 1. Juli bis 3. Juli 2025.An den letzten beiden Tagen wurden wir per Sirene zu zwei Gewerbebetrieben alarmiert, da die Brandmeldeanlagen ausgel\u00f6st hatten. Hier mu\u00dften wir jedoch nicht t\u00e4tig werden und konnten die Einsatzstellen &hellip; <a href=\"http:\/\/ff-buettelborn.de\/wp\/?p=2677\">Continue reading <span class=\"meta-nav\">&rarr;<\/span><\/a><\/p>\n","protected":false},"author":5,"featured_media":0,"comment_status":"closed","ping_status":"closed","sticky":false,"template":"","format":"standard","meta":{"footnotes":""},"categories":[1,114],"tags":[],"class_list":["post-2677","post","type-post","status-publish","format-standard","hentry","category-allgemein","category-einsatzmeldung"],"_links":{"self":[{"href":"http:\/\/ff-buettelborn.de\/wp\/index.php?rest_route=\/wp\/v2\/posts\/2677","targetHints":{"allow":["GET"]}}],"collection":[{"href":"http:\/\/ff-buettelborn.de\/wp\/index.php?rest_route=\/wp\/v2\/posts"}],"about":[{"href":"http:\/\/ff-buettelborn.de\/wp\/index.php?rest_route=\/wp\/v2\/types\/post"}],"author":[{"embeddable":true,"href":"http:\/\/ff-buettelborn.de\/wp\/index.php?rest_route=\/wp\/v2\/users\/5"}],"replies":[{"embeddable":true,"href":"http:\/\/ff-buettelborn.de\/wp\/index.php?rest_route=%2Fwp%2Fv2%2Fcomments&post=2677"}],"version-history":[{"count":1,"href":"http:\/\/ff-buettelborn.de\/wp\/index.php?rest_route=\/wp\/v2\/posts\/2677\/revisions"}],"predecessor-version":[{"id":2682,"href":"http:\/\/ff-buettelborn.de\/wp\/index.php?rest_route=\/wp\/v2\/posts\/2677\/revisions\/2682"}],"wp:attachment":[{"href":"http:\/\/ff-buettelborn.de\/wp\/index.php?rest_route=%2Fwp%2Fv2%2Fmedia&parent=2677"}],"wp:term":[{"taxonomy":"category","embeddable":true,"href":"http:\/\/ff-buettelborn.de\/wp\/index.php?rest_route=%2Fwp%2Fv2%2Fcategories&post=2677"},{"taxonomy":"post_tag","embeddable":true,"href":"http:\/\/ff-buettelborn.de\/wp\/index.php?rest_route=%2Fwp%2Fv2%2Ftags&post=2677"}],"curies":[{"name":"wp","href":"https:\/\/api.w.org\/{rel}","templated":true}]}}