{"id":1820,"date":"2019-01-23T11:33:40","date_gmt":"2019-01-23T10:33:40","guid":{"rendered":"http:\/\/ff-buettelborn.de\/wp\/?p=1820"},"modified":"2019-01-24T08:56:40","modified_gmt":"2019-01-24T07:56:40","slug":"kinderfeuerwehr-feuerfunken","status":"publish","type":"post","link":"http:\/\/ff-buettelborn.de\/wp\/?p=1820","title":{"rendered":"Kinderfeuerwehr &#8211; Feuerfunken"},"content":{"rendered":"<p><a href=\"http:\/\/ff-buettelborn.de\/wp\/wp-content\/uploads\/2019\/01\/LOGO-Kinderfeuerwehr.jpg\"><img loading=\"lazy\" decoding=\"async\" class=\" wp-image-1819 alignleft\" src=\"http:\/\/ff-buettelborn.de\/wp\/wp-content\/uploads\/2019\/01\/LOGO-Kinderfeuerwehr-150x150.jpg\" alt=\"\" width=\"166\" height=\"166\" \/><\/a>Jetzt ist es auch bei der Feuerwehr B\u00fcttelborn soweit. Am 16. Februar 2019 findet um 15.00 Uhr im Ger\u00e4tehaus der Feuerwehr B\u00fcttelborn die Gr\u00fcndungsfeier f\u00fcr die<\/p>\n<p style=\"text-align: center;\"><span style=\"color: #ff0000;\"><strong>Kinderfeuerwehr-Feuerfunken<\/strong> <\/span><\/p>\n<p>statt.<\/p>\n<p>F\u00fcr alle interessierte Eltern gibt es bereits einen Info-Abend am 07. Februar 2019 ebenfalls im Ger\u00e4tehaus B\u00fcttelborn. F\u00fcr Fragen steht Ihnen an diesem Abend Sabine K\u00f6th zur Verf\u00fcgung. Sabine wird auch als Betreuerin f\u00fcr die Kinder an den \u00dcbungsabenden da sein. Habe Sie Fragen, die Sie im Vorfeld besprechen m\u00f6chten, k\u00f6nnen Sie Sabine auch per Mail unter : <a href=\"mailto:kinderfeuerwehr@ff-buettelborn.de\">kinderfeuerwehr@ff-buettelborn.de<\/a> anschreiben.<\/p>\n<p><em>Wer kann denn zur Kinderfeuerwehr kommen?<\/em><\/p>\n<p>Die Kinderfeuerwehr ist f\u00fcr Kinder von 6-10 Jahren gedacht. Vorzugsweise sollten die Kinder aus dem OT B\u00fcttelborn stammen. Aber auch \u00e4ltere Kinder sind bei der Feuerwehr herzlich willkommen. Ab 10 Jahren k\u00f6nnen sie der Jugendfeuerwehr beitreten. Wenn hierzu Fragen sind k\u00f6nnen Sie uns gerne eine Mail schicken.<\/p>\n<p><em>Was macht eine Kinderfeuerwehr?<\/em><\/p>\n<p>Die Kinderfeuerwehr trifft sich alle 14 Tage von 16.30 &#8211; 18.00 Uhr zu ihrem &#8222;Unterricht&#8220;. Ganz klar, das Thema &#8222;Feuerwehr&#8220; steht oben an, aber es wird auch ganz viel gebastelt, gespielt oder besichtigt.\u00a0 Hier einige Themen f\u00fcr das 1. Halbjahr:<\/p>\n<ul>\n<li>Die Feuerwehr kennen lernen<\/li>\n<li>Bastelnachmittag<\/li>\n<li>Notruf und Brandschutzerziehung<\/li>\n<li>Spielenachmittag<\/li>\n<\/ul>\n","protected":false},"excerpt":{"rendered":"<p>Jetzt ist es auch bei der Feuerwehr B\u00fcttelborn soweit. Am 16. Februar 2019 findet um 15.00 Uhr im Ger\u00e4tehaus der Feuerwehr B\u00fcttelborn die Gr\u00fcndungsfeier f\u00fcr die Kinderfeuerwehr-Feuerfunken statt. F\u00fcr alle interessierte Eltern gibt es bereits einen Info-Abend am 07. Februar &hellip; <a href=\"http:\/\/ff-buettelborn.de\/wp\/?p=1820\">Continue reading <span class=\"meta-nav\">&rarr;<\/span><\/a><\/p>\n","protected":false},"author":5,"featured_media":0,"comment_status":"closed","ping_status":"closed","sticky":false,"template":"","format":"standard","meta":{"footnotes":""},"categories":[1,134],"tags":[139,140,103,138],"class_list":["post-1820","post","type-post","status-publish","format-standard","hentry","category-allgemein","category-kinderfeuerwehr-feuerfunken","tag-feuerfunken","tag-gruendung","tag-kinder","tag-kinderfeuerwehr"],"_links":{"self":[{"href":"http:\/\/ff-buettelborn.de\/wp\/index.php?rest_route=\/wp\/v2\/posts\/1820","targetHints":{"allow":["GET"]}}],"collection":[{"href":"http:\/\/ff-buettelborn.de\/wp\/index.php?rest_route=\/wp\/v2\/posts"}],"about":[{"href":"http:\/\/ff-buettelborn.de\/wp\/index.php?rest_route=\/wp\/v2\/types\/post"}],"author":[{"embeddable":true,"href":"http:\/\/ff-buettelborn.de\/wp\/index.php?rest_route=\/wp\/v2\/users\/5"}],"replies":[{"embeddable":true,"href":"http:\/\/ff-buettelborn.de\/wp\/index.php?rest_route=%2Fwp%2Fv2%2Fcomments&post=1820"}],"version-history":[{"count":5,"href":"http:\/\/ff-buettelborn.de\/wp\/index.php?rest_route=\/wp\/v2\/posts\/1820\/revisions"}],"predecessor-version":[{"id":1833,"href":"http:\/\/ff-buettelborn.de\/wp\/index.php?rest_route=\/wp\/v2\/posts\/1820\/revisions\/1833"}],"wp:attachment":[{"href":"http:\/\/ff-buettelborn.de\/wp\/index.php?rest_route=%2Fwp%2Fv2%2Fmedia&parent=1820"}],"wp:term":[{"taxonomy":"category","embeddable":true,"href":"http:\/\/ff-buettelborn.de\/wp\/index.php?rest_route=%2Fwp%2Fv2%2Fcategories&post=1820"},{"taxonomy":"post_tag","embeddable":true,"href":"http:\/\/ff-buettelborn.de\/wp\/index.php?rest_route=%2Fwp%2Fv2%2Ftags&post=1820"}],"curies":[{"name":"wp","href":"https:\/\/api.w.org\/{rel}","templated":true}]}}