{"id":1357,"date":"2016-11-06T20:50:54","date_gmt":"2016-11-06T19:50:54","guid":{"rendered":"http:\/\/ff-buettelborn.de\/wp\/?p=1357"},"modified":"2016-11-06T20:50:54","modified_gmt":"2016-11-06T19:50:54","slug":"der-vorstand-bedankt-sich","status":"publish","type":"post","link":"http:\/\/ff-buettelborn.de\/wp\/?p=1357","title":{"rendered":"Der Vorstand bedankt sich"},"content":{"rendered":"<p><span style=\"color: #000000; font-family: Calibri;\">Um sich bei allen Helfern des OpenAirs 2016 zu bedanken, wurden diese zu einem geselligen Brunch am 06.11.2016 eingeladen. <\/span><\/p>\n<p><span style=\"color: #000000; font-family: Calibri;\">Zur Er\u00f6ffnung richteten der Erste und Zweite Vorsitzende das Begr\u00fc\u00dfungswort an die ca. 40 Helferinnen und Helfer. Hierbei bedankten sie sich, f\u00fcr die geleistete Arbeit am OpenAir.<\/span><span style=\"color: #000000; font-family: Calibri;\">\u00a0 <\/span><span style=\"color: #000000; font-family: Calibri;\">Gleichzeitig richteten sie auch die Bitte an die Anwesenden, im kommenden Jahr wieder zu Helfen.<\/span><\/p>\n<p><span style=\"color: #000000; font-family: Calibri;\">Alle Anwesenden waren von dem Fr\u00fchst\u00fccksbuffet und sp\u00e4tem Mittagsbuffet begeistert. Nebenbei hatten alle viel Spa\u00df und konnten angenehme Unterhaltungen f\u00fchren.<\/span><\/p>\n","protected":false},"excerpt":{"rendered":"<p>Um sich bei allen Helfern des OpenAirs 2016 zu bedanken, wurden diese zu einem geselligen Brunch am 06.11.2016 eingeladen. Zur Er\u00f6ffnung richteten der Erste und Zweite Vorsitzende das Begr\u00fc\u00dfungswort an die ca. 40 Helferinnen und Helfer. Hierbei bedankten sie sich, &hellip; <a href=\"http:\/\/ff-buettelborn.de\/wp\/?p=1357\">Continue reading <span class=\"meta-nav\">&rarr;<\/span><\/a><\/p>\n","protected":false},"author":5,"featured_media":0,"comment_status":"closed","ping_status":"closed","sticky":false,"template":"","format":"standard","meta":{"footnotes":""},"categories":[1,5],"tags":[41,43,42,29],"class_list":["post-1357","post","type-post","status-publish","format-standard","hentry","category-allgemein","category-verein","tag-essen","tag-open-air","tag-openair","tag-vorstand"],"_links":{"self":[{"href":"http:\/\/ff-buettelborn.de\/wp\/index.php?rest_route=\/wp\/v2\/posts\/1357","targetHints":{"allow":["GET"]}}],"collection":[{"href":"http:\/\/ff-buettelborn.de\/wp\/index.php?rest_route=\/wp\/v2\/posts"}],"about":[{"href":"http:\/\/ff-buettelborn.de\/wp\/index.php?rest_route=\/wp\/v2\/types\/post"}],"author":[{"embeddable":true,"href":"http:\/\/ff-buettelborn.de\/wp\/index.php?rest_route=\/wp\/v2\/users\/5"}],"replies":[{"embeddable":true,"href":"http:\/\/ff-buettelborn.de\/wp\/index.php?rest_route=%2Fwp%2Fv2%2Fcomments&post=1357"}],"version-history":[{"count":3,"href":"http:\/\/ff-buettelborn.de\/wp\/index.php?rest_route=\/wp\/v2\/posts\/1357\/revisions"}],"predecessor-version":[{"id":1360,"href":"http:\/\/ff-buettelborn.de\/wp\/index.php?rest_route=\/wp\/v2\/posts\/1357\/revisions\/1360"}],"wp:attachment":[{"href":"http:\/\/ff-buettelborn.de\/wp\/index.php?rest_route=%2Fwp%2Fv2%2Fmedia&parent=1357"}],"wp:term":[{"taxonomy":"category","embeddable":true,"href":"http:\/\/ff-buettelborn.de\/wp\/index.php?rest_route=%2Fwp%2Fv2%2Fcategories&post=1357"},{"taxonomy":"post_tag","embeddable":true,"href":"http:\/\/ff-buettelborn.de\/wp\/index.php?rest_route=%2Fwp%2Fv2%2Ftags&post=1357"}],"curies":[{"name":"wp","href":"https:\/\/api.w.org\/{rel}","templated":true}]}}