{"id":1287,"date":"2016-08-19T17:41:54","date_gmt":"2016-08-19T15:41:54","guid":{"rendered":"http:\/\/ff-buettelborn.de\/wp\/?p=1287"},"modified":"2017-06-29T07:47:50","modified_gmt":"2017-06-29T05:47:50","slug":"kita-bei-der-feuerwehr","status":"publish","type":"post","link":"http:\/\/ff-buettelborn.de\/wp\/?p=1287","title":{"rendered":"KiTa bei der Feuerwehr"},"content":{"rendered":"<p><span style=\"margin: 0px; color: #333333; font-family: 'Georgia',serif;\">Am 18. August besuchte eine Gruppe der KiTa-Gegenbogen die Feuerwehr B\u00fcttelborn. Die Kinder erarbeiteten sich bereits in der KiTa in einer Projektarbeit \u201eFeuerwehr\u201c so einiges. Das erlernte konnten Sie den beiden Feuerwehrkameraden, Sven Riekstins und Thomas Maul, die den Besuch begleiteten, super beweisen. <\/span><!--more--><\/p>\n<p><span style=\"margin: 0px; color: #333333; font-family: 'Georgia',serif;\">Nach der Begr\u00fc\u00dfung und einem kleine Gespr\u00e4ch im Kreis, machten alle einen kleinen Rundgang durch das Ger\u00e4tehaus. Hierbei untersuchten die Kids die Feuerwehrautos und bekamen einiges erkl\u00e4rt.<\/span><\/p>\n<p><span style=\"margin: 0px; color: #333333; font-family: 'Georgia',serif;\">Nach der Fr\u00fchst\u00fcckspause wurde es interessanter. Sven Riekstins r\u00fcstete sich Schritt f\u00fcr Schritt mit seiner Brandschutzkleidung aus und erkl\u00e4rte alles. Nach dem er komplett angezogen war, legte er noch ein Atemschutzger\u00e4t mit Maske an. Dieser Anblick verwunderte einige Kids. Hierbei hatte die Kinder die M\u00f6glichkeit einmal eine Fluchthaube, wie sie von der Feuerwehr zur Personenrettung eingesetzt werden, auszuprobieren.<\/span><\/p>\n<p><span style=\"margin: 0px; color: #333333; font-family: 'Georgia',serif;\">Zum Schluss wurde es hei\u00df. Im Hof der Feuerwehr stand eine Wann mit echtem Feuer. Hier konnten sich die kurzen Feuerwehrm\u00e4nner und \u2013frauen, am L\u00f6schen versuchen. Dies war f\u00fcr die meisten Kinder das Highlight.<\/span><\/p>\n<p>Hier der Bericht vom <a href=\"http:\/\/www.echo-online.de\/lokales\/kreis-gross-gerau\/buettelborn\/loeschen-mit-der-kuebelspritze_17228455.htm\" target=\"_blank\" rel=\"noopener\">echo-online<\/a><\/p>\n<p><span style=\"color: #000000; font-family: Calibri;\">\u00a0<\/span><\/p>\n<p><span style=\"color: #000000; font-family: Calibri;\">\u00a0<\/span><\/p>\n","protected":false},"excerpt":{"rendered":"<p>Am 18. August besuchte eine Gruppe der KiTa-Gegenbogen die Feuerwehr B\u00fcttelborn. Die Kinder erarbeiteten sich bereits in der KiTa in einer Projektarbeit \u201eFeuerwehr\u201c so einiges. Das erlernte konnten Sie den beiden Feuerwehrkameraden, Sven Riekstins und Thomas Maul, die den Besuch &hellip; <a href=\"http:\/\/ff-buettelborn.de\/wp\/?p=1287\">Continue reading <span class=\"meta-nav\">&rarr;<\/span><\/a><\/p>\n","protected":false},"author":5,"featured_media":0,"comment_status":"closed","ping_status":"closed","sticky":false,"template":"","format":"standard","meta":{"footnotes":""},"categories":[1,5],"tags":[19,103,102],"class_list":["post-1287","post","type-post","status-publish","format-standard","hentry","category-allgemein","category-verein","tag-atemschutz","tag-kinder","tag-kita"],"_links":{"self":[{"href":"http:\/\/ff-buettelborn.de\/wp\/index.php?rest_route=\/wp\/v2\/posts\/1287","targetHints":{"allow":["GET"]}}],"collection":[{"href":"http:\/\/ff-buettelborn.de\/wp\/index.php?rest_route=\/wp\/v2\/posts"}],"about":[{"href":"http:\/\/ff-buettelborn.de\/wp\/index.php?rest_route=\/wp\/v2\/types\/post"}],"author":[{"embeddable":true,"href":"http:\/\/ff-buettelborn.de\/wp\/index.php?rest_route=\/wp\/v2\/users\/5"}],"replies":[{"embeddable":true,"href":"http:\/\/ff-buettelborn.de\/wp\/index.php?rest_route=%2Fwp%2Fv2%2Fcomments&post=1287"}],"version-history":[{"count":3,"href":"http:\/\/ff-buettelborn.de\/wp\/index.php?rest_route=\/wp\/v2\/posts\/1287\/revisions"}],"predecessor-version":[{"id":1444,"href":"http:\/\/ff-buettelborn.de\/wp\/index.php?rest_route=\/wp\/v2\/posts\/1287\/revisions\/1444"}],"wp:attachment":[{"href":"http:\/\/ff-buettelborn.de\/wp\/index.php?rest_route=%2Fwp%2Fv2%2Fmedia&parent=1287"}],"wp:term":[{"taxonomy":"category","embeddable":true,"href":"http:\/\/ff-buettelborn.de\/wp\/index.php?rest_route=%2Fwp%2Fv2%2Fcategories&post=1287"},{"taxonomy":"post_tag","embeddable":true,"href":"http:\/\/ff-buettelborn.de\/wp\/index.php?rest_route=%2Fwp%2Fv2%2Ftags&post=1287"}],"curies":[{"name":"wp","href":"https:\/\/api.w.org\/{rel}","templated":true}]}}