{"id":1185,"date":"2016-07-25T20:51:59","date_gmt":"2016-07-25T18:51:59","guid":{"rendered":"http:\/\/ff-buettelborn.de\/wp\/?p=1185"},"modified":"2017-06-29T18:12:31","modified_gmt":"2017-06-29T16:12:31","slug":"feuerwehrausflug-in-den-kletterwald-darmstadt","status":"publish","type":"post","link":"http:\/\/ff-buettelborn.de\/wp\/?p=1185","title":{"rendered":"Feuerwehrausflug in den Kletterwald Darmstadt"},"content":{"rendered":"<p>Am Samstag den 23. Juli 2016 konnten der Vereinsvorsitzende Thomas Klink und sein Stellvertreter Sven Riekstnis (der Organisator), 18 Kammeraden\/innen zu einem\u00a0gemeinsamen Ausflug begr\u00fc\u00dfen. Geplant war der Besuch des <a href=\"http:\/\/www.kletterwald-darmstadt.de\/\" target=\"_blank\" rel=\"noopener\">Kletterwald Darmstadt <\/a>mit einem sp\u00e4teren Abschlussessen in einem Biergarten in Darmstadt.<!--more--><\/p>\n<p>Nach dem Eintreffen im Kletterpark, wurden alle Kletterer durch die Veranstalter mit der Ausr\u00fcstung versorgt und eingewiesen. Hier begann schon der Spa\u00df f\u00fcr einige Teilnehmer, denn das Anlegen des Sicherheitsgurt mir einer gewissen Nervosit\u00e4t ist doch recht interessant.<\/p>\n<p>Nach dem es dann alle geschaft hatten, ging es in einen kleinen \u00dcbungsparcour um den Umgang mit der Ausr\u00fcstung\u00a0und das Sichern zu \u00fcben.<\/p>\n<p>Nun war es soweit, es bildeten sich kleine Gruppen, die sich die verschiedenen Parcours je nach\u00a0Anspruch und Schwierigkeitsgrad\u00a0gruppiert waren, aussuchten. Jeder kam auf seine kosten und hatte viel zu Lachen. Der eine oder der andere konnte stolz auf sich sein, dass er \u00fcber seinen eigenen Schatten sprang und alles mitmachte.<\/p>\n<p>Nach ca. 3 Stunden im Park, schmerzenden Armen und H\u00e4nden, machen sich alle auf den Weg in den Biergarten. Hier konnte der Tag bei einem guten Essen und etwas zu trinken locker und sch\u00f6n ausklingen.<\/p>\n<p>Wie\u00a0angek\u00fcndigt, die Bilder\u00a0&#8230;<br \/>\n<!-- Im Anschluss sind noch einige Bilder, diese sprechen f\u00fcr sich .... ;-) --><\/p>\n<div id='gallery-1' class='gallery galleryid-1185 gallery-columns-3 gallery-size-thumbnail'><dl class='gallery-item'>\n\t\t\t<dt class='gallery-icon landscape'>\n\t\t\t\t<a href='http:\/\/ff-buettelborn.de\/wp\/?attachment_id=1197'><img loading=\"lazy\" decoding=\"async\" width=\"150\" height=\"150\" src=\"http:\/\/ff-buettelborn.de\/wp\/wp-content\/uploads\/2016\/08\/KletterWald-2-150x150.jpg\" class=\"attachment-thumbnail size-thumbnail\" alt=\"\" srcset=\"http:\/\/ff-buettelborn.de\/wp\/wp-content\/uploads\/2016\/08\/KletterWald-2-150x150.jpg 150w, http:\/\/ff-buettelborn.de\/wp\/wp-content\/uploads\/2016\/08\/KletterWald-2-144x144.jpg 144w\" sizes=\"auto, (max-width: 150px) 100vw, 150px\" \/><\/a>\n\t\t\t<\/dt><\/dl><dl class='gallery-item'>\n\t\t\t<dt class='gallery-icon landscape'>\n\t\t\t\t<a href='http:\/\/ff-buettelborn.de\/wp\/?attachment_id=1198'><img loading=\"lazy\" decoding=\"async\" width=\"150\" height=\"150\" src=\"http:\/\/ff-buettelborn.de\/wp\/wp-content\/uploads\/2016\/08\/KletterWald-3-150x150.jpg\" class=\"attachment-thumbnail size-thumbnail\" alt=\"\" srcset=\"http:\/\/ff-buettelborn.de\/wp\/wp-content\/uploads\/2016\/08\/KletterWald-3-150x150.jpg 150w, http:\/\/ff-buettelborn.de\/wp\/wp-content\/uploads\/2016\/08\/KletterWald-3-144x144.jpg 144w\" sizes=\"auto, (max-width: 150px) 100vw, 150px\" \/><\/a>\n\t\t\t<\/dt><\/dl><dl class='gallery-item'>\n\t\t\t<dt class='gallery-icon landscape'>\n\t\t\t\t<a href='http:\/\/ff-buettelborn.de\/wp\/?attachment_id=1199'><img loading=\"lazy\" decoding=\"async\" width=\"150\" height=\"150\" src=\"http:\/\/ff-buettelborn.de\/wp\/wp-content\/uploads\/2016\/08\/KletterWald-4-150x150.jpg\" class=\"attachment-thumbnail size-thumbnail\" alt=\"\" srcset=\"http:\/\/ff-buettelborn.de\/wp\/wp-content\/uploads\/2016\/08\/KletterWald-4-150x150.jpg 150w, http:\/\/ff-buettelborn.de\/wp\/wp-content\/uploads\/2016\/08\/KletterWald-4-144x144.jpg 144w\" sizes=\"auto, (max-width: 150px) 100vw, 150px\" \/><\/a>\n\t\t\t<\/dt><\/dl><br style=\"clear: both\" \/><dl class='gallery-item'>\n\t\t\t<dt class='gallery-icon landscape'>\n\t\t\t\t<a href='http:\/\/ff-buettelborn.de\/wp\/?attachment_id=1200'><img loading=\"lazy\" decoding=\"async\" width=\"150\" height=\"150\" src=\"http:\/\/ff-buettelborn.de\/wp\/wp-content\/uploads\/2016\/08\/KletterWald-5-150x150.jpg\" class=\"attachment-thumbnail size-thumbnail\" alt=\"\" srcset=\"http:\/\/ff-buettelborn.de\/wp\/wp-content\/uploads\/2016\/08\/KletterWald-5-150x150.jpg 150w, http:\/\/ff-buettelborn.de\/wp\/wp-content\/uploads\/2016\/08\/KletterWald-5-144x144.jpg 144w\" sizes=\"auto, (max-width: 150px) 100vw, 150px\" \/><\/a>\n\t\t\t<\/dt><\/dl><dl class='gallery-item'>\n\t\t\t<dt class='gallery-icon landscape'>\n\t\t\t\t<a href='http:\/\/ff-buettelborn.de\/wp\/?attachment_id=1201'><img loading=\"lazy\" decoding=\"async\" width=\"150\" height=\"150\" src=\"http:\/\/ff-buettelborn.de\/wp\/wp-content\/uploads\/2016\/08\/KletterWald-6-150x150.jpg\" class=\"attachment-thumbnail size-thumbnail\" alt=\"\" srcset=\"http:\/\/ff-buettelborn.de\/wp\/wp-content\/uploads\/2016\/08\/KletterWald-6-150x150.jpg 150w, http:\/\/ff-buettelborn.de\/wp\/wp-content\/uploads\/2016\/08\/KletterWald-6-144x144.jpg 144w\" sizes=\"auto, (max-width: 150px) 100vw, 150px\" \/><\/a>\n\t\t\t<\/dt><\/dl><dl class='gallery-item'>\n\t\t\t<dt class='gallery-icon landscape'>\n\t\t\t\t<a href='http:\/\/ff-buettelborn.de\/wp\/?attachment_id=1202'><img loading=\"lazy\" decoding=\"async\" width=\"150\" height=\"150\" src=\"http:\/\/ff-buettelborn.de\/wp\/wp-content\/uploads\/2016\/08\/KletterWald-7-150x150.jpg\" class=\"attachment-thumbnail size-thumbnail\" alt=\"\" srcset=\"http:\/\/ff-buettelborn.de\/wp\/wp-content\/uploads\/2016\/08\/KletterWald-7-150x150.jpg 150w, http:\/\/ff-buettelborn.de\/wp\/wp-content\/uploads\/2016\/08\/KletterWald-7-144x144.jpg 144w\" sizes=\"auto, (max-width: 150px) 100vw, 150px\" \/><\/a>\n\t\t\t<\/dt><\/dl><br style=\"clear: both\" \/><dl class='gallery-item'>\n\t\t\t<dt class='gallery-icon landscape'>\n\t\t\t\t<a href='http:\/\/ff-buettelborn.de\/wp\/?attachment_id=1203'><img loading=\"lazy\" decoding=\"async\" width=\"150\" height=\"150\" src=\"http:\/\/ff-buettelborn.de\/wp\/wp-content\/uploads\/2016\/08\/KletterWald-8-150x150.jpg\" class=\"attachment-thumbnail size-thumbnail\" alt=\"\" srcset=\"http:\/\/ff-buettelborn.de\/wp\/wp-content\/uploads\/2016\/08\/KletterWald-8-150x150.jpg 150w, http:\/\/ff-buettelborn.de\/wp\/wp-content\/uploads\/2016\/08\/KletterWald-8-144x144.jpg 144w\" sizes=\"auto, (max-width: 150px) 100vw, 150px\" \/><\/a>\n\t\t\t<\/dt><\/dl><dl class='gallery-item'>\n\t\t\t<dt class='gallery-icon landscape'>\n\t\t\t\t<a href='http:\/\/ff-buettelborn.de\/wp\/?attachment_id=1204'><img loading=\"lazy\" decoding=\"async\" width=\"150\" height=\"150\" src=\"http:\/\/ff-buettelborn.de\/wp\/wp-content\/uploads\/2016\/08\/KletterWald-9-150x150.jpg\" class=\"attachment-thumbnail size-thumbnail\" alt=\"\" srcset=\"http:\/\/ff-buettelborn.de\/wp\/wp-content\/uploads\/2016\/08\/KletterWald-9-150x150.jpg 150w, http:\/\/ff-buettelborn.de\/wp\/wp-content\/uploads\/2016\/08\/KletterWald-9-144x144.jpg 144w\" sizes=\"auto, (max-width: 150px) 100vw, 150px\" \/><\/a>\n\t\t\t<\/dt><\/dl><dl class='gallery-item'>\n\t\t\t<dt class='gallery-icon landscape'>\n\t\t\t\t<a href='http:\/\/ff-buettelborn.de\/wp\/?attachment_id=1196'><img loading=\"lazy\" decoding=\"async\" width=\"150\" height=\"150\" src=\"http:\/\/ff-buettelborn.de\/wp\/wp-content\/uploads\/2016\/08\/KletterWald-20-150x150.jpg\" class=\"attachment-thumbnail size-thumbnail\" alt=\"\" srcset=\"http:\/\/ff-buettelborn.de\/wp\/wp-content\/uploads\/2016\/08\/KletterWald-20-150x150.jpg 150w, http:\/\/ff-buettelborn.de\/wp\/wp-content\/uploads\/2016\/08\/KletterWald-20-144x144.jpg 144w\" sizes=\"auto, (max-width: 150px) 100vw, 150px\" \/><\/a>\n\t\t\t<\/dt><\/dl><br style=\"clear: both\" \/><dl class='gallery-item'>\n\t\t\t<dt class='gallery-icon landscape'>\n\t\t\t\t<a href='http:\/\/ff-buettelborn.de\/wp\/?attachment_id=1209'><img loading=\"lazy\" decoding=\"async\" width=\"150\" height=\"150\" src=\"http:\/\/ff-buettelborn.de\/wp\/wp-content\/uploads\/2016\/08\/KletterWald-14-150x150.jpg\" class=\"attachment-thumbnail size-thumbnail\" alt=\"\" srcset=\"http:\/\/ff-buettelborn.de\/wp\/wp-content\/uploads\/2016\/08\/KletterWald-14-150x150.jpg 150w, http:\/\/ff-buettelborn.de\/wp\/wp-content\/uploads\/2016\/08\/KletterWald-14-144x144.jpg 144w\" sizes=\"auto, (max-width: 150px) 100vw, 150px\" \/><\/a>\n\t\t\t<\/dt><\/dl><dl class='gallery-item'>\n\t\t\t<dt class='gallery-icon landscape'>\n\t\t\t\t<a href='http:\/\/ff-buettelborn.de\/wp\/?attachment_id=1208'><img loading=\"lazy\" decoding=\"async\" width=\"150\" height=\"150\" src=\"http:\/\/ff-buettelborn.de\/wp\/wp-content\/uploads\/2016\/08\/KletterWald-13-150x150.jpg\" class=\"attachment-thumbnail size-thumbnail\" alt=\"\" srcset=\"http:\/\/ff-buettelborn.de\/wp\/wp-content\/uploads\/2016\/08\/KletterWald-13-150x150.jpg 150w, http:\/\/ff-buettelborn.de\/wp\/wp-content\/uploads\/2016\/08\/KletterWald-13-144x144.jpg 144w\" sizes=\"auto, (max-width: 150px) 100vw, 150px\" \/><\/a>\n\t\t\t<\/dt><\/dl><dl class='gallery-item'>\n\t\t\t<dt class='gallery-icon landscape'>\n\t\t\t\t<a href='http:\/\/ff-buettelborn.de\/wp\/?attachment_id=1207'><img loading=\"lazy\" decoding=\"async\" width=\"150\" height=\"150\" src=\"http:\/\/ff-buettelborn.de\/wp\/wp-content\/uploads\/2016\/08\/KletterWald-12-150x150.jpg\" class=\"attachment-thumbnail size-thumbnail\" alt=\"\" srcset=\"http:\/\/ff-buettelborn.de\/wp\/wp-content\/uploads\/2016\/08\/KletterWald-12-150x150.jpg 150w, http:\/\/ff-buettelborn.de\/wp\/wp-content\/uploads\/2016\/08\/KletterWald-12-144x144.jpg 144w\" sizes=\"auto, (max-width: 150px) 100vw, 150px\" \/><\/a>\n\t\t\t<\/dt><\/dl><br style=\"clear: both\" \/><dl class='gallery-item'>\n\t\t\t<dt class='gallery-icon landscape'>\n\t\t\t\t<a href='http:\/\/ff-buettelborn.de\/wp\/?attachment_id=1206'><img loading=\"lazy\" decoding=\"async\" width=\"150\" height=\"150\" src=\"http:\/\/ff-buettelborn.de\/wp\/wp-content\/uploads\/2016\/08\/KletterWald-11-150x150.jpg\" class=\"attachment-thumbnail size-thumbnail\" alt=\"\" srcset=\"http:\/\/ff-buettelborn.de\/wp\/wp-content\/uploads\/2016\/08\/KletterWald-11-150x150.jpg 150w, http:\/\/ff-buettelborn.de\/wp\/wp-content\/uploads\/2016\/08\/KletterWald-11-144x144.jpg 144w\" sizes=\"auto, (max-width: 150px) 100vw, 150px\" \/><\/a>\n\t\t\t<\/dt><\/dl><dl class='gallery-item'>\n\t\t\t<dt class='gallery-icon landscape'>\n\t\t\t\t<a href='http:\/\/ff-buettelborn.de\/wp\/?attachment_id=1205'><img loading=\"lazy\" decoding=\"async\" width=\"150\" height=\"150\" src=\"http:\/\/ff-buettelborn.de\/wp\/wp-content\/uploads\/2016\/08\/KletterWald-10-150x150.jpg\" class=\"attachment-thumbnail size-thumbnail\" alt=\"\" srcset=\"http:\/\/ff-buettelborn.de\/wp\/wp-content\/uploads\/2016\/08\/KletterWald-10-150x150.jpg 150w, http:\/\/ff-buettelborn.de\/wp\/wp-content\/uploads\/2016\/08\/KletterWald-10-144x144.jpg 144w\" sizes=\"auto, (max-width: 150px) 100vw, 150px\" \/><\/a>\n\t\t\t<\/dt><\/dl><dl class='gallery-item'>\n\t\t\t<dt class='gallery-icon landscape'>\n\t\t\t\t<a href='http:\/\/ff-buettelborn.de\/wp\/?attachment_id=1210'><img loading=\"lazy\" decoding=\"async\" width=\"150\" height=\"150\" src=\"http:\/\/ff-buettelborn.de\/wp\/wp-content\/uploads\/2016\/08\/KletterWald-15-150x150.jpg\" class=\"attachment-thumbnail size-thumbnail\" alt=\"\" srcset=\"http:\/\/ff-buettelborn.de\/wp\/wp-content\/uploads\/2016\/08\/KletterWald-15-150x150.jpg 150w, http:\/\/ff-buettelborn.de\/wp\/wp-content\/uploads\/2016\/08\/KletterWald-15-144x144.jpg 144w\" sizes=\"auto, (max-width: 150px) 100vw, 150px\" \/><\/a>\n\t\t\t<\/dt><\/dl><br style=\"clear: both\" \/><dl class='gallery-item'>\n\t\t\t<dt class='gallery-icon landscape'>\n\t\t\t\t<a href='http:\/\/ff-buettelborn.de\/wp\/?attachment_id=1211'><img loading=\"lazy\" decoding=\"async\" width=\"150\" height=\"150\" src=\"http:\/\/ff-buettelborn.de\/wp\/wp-content\/uploads\/2016\/08\/KletterWald-16-150x150.jpg\" class=\"attachment-thumbnail size-thumbnail\" alt=\"\" srcset=\"http:\/\/ff-buettelborn.de\/wp\/wp-content\/uploads\/2016\/08\/KletterWald-16-150x150.jpg 150w, http:\/\/ff-buettelborn.de\/wp\/wp-content\/uploads\/2016\/08\/KletterWald-16-144x144.jpg 144w\" sizes=\"auto, (max-width: 150px) 100vw, 150px\" \/><\/a>\n\t\t\t<\/dt><\/dl><dl class='gallery-item'>\n\t\t\t<dt class='gallery-icon landscape'>\n\t\t\t\t<a href='http:\/\/ff-buettelborn.de\/wp\/?attachment_id=1212'><img loading=\"lazy\" decoding=\"async\" width=\"150\" height=\"150\" src=\"http:\/\/ff-buettelborn.de\/wp\/wp-content\/uploads\/2016\/08\/KletterWald-17-150x150.jpg\" class=\"attachment-thumbnail size-thumbnail\" alt=\"\" srcset=\"http:\/\/ff-buettelborn.de\/wp\/wp-content\/uploads\/2016\/08\/KletterWald-17-150x150.jpg 150w, http:\/\/ff-buettelborn.de\/wp\/wp-content\/uploads\/2016\/08\/KletterWald-17-144x144.jpg 144w\" sizes=\"auto, (max-width: 150px) 100vw, 150px\" \/><\/a>\n\t\t\t<\/dt><\/dl><dl class='gallery-item'>\n\t\t\t<dt class='gallery-icon landscape'>\n\t\t\t\t<a href='http:\/\/ff-buettelborn.de\/wp\/?attachment_id=1213'><img loading=\"lazy\" decoding=\"async\" width=\"150\" height=\"150\" src=\"http:\/\/ff-buettelborn.de\/wp\/wp-content\/uploads\/2016\/08\/KletterWald-18-150x150.jpg\" class=\"attachment-thumbnail size-thumbnail\" alt=\"\" srcset=\"http:\/\/ff-buettelborn.de\/wp\/wp-content\/uploads\/2016\/08\/KletterWald-18-150x150.jpg 150w, http:\/\/ff-buettelborn.de\/wp\/wp-content\/uploads\/2016\/08\/KletterWald-18-144x144.jpg 144w\" sizes=\"auto, (max-width: 150px) 100vw, 150px\" \/><\/a>\n\t\t\t<\/dt><\/dl><br style=\"clear: both\" \/><dl class='gallery-item'>\n\t\t\t<dt class='gallery-icon landscape'>\n\t\t\t\t<a href='http:\/\/ff-buettelborn.de\/wp\/?attachment_id=1214'><img loading=\"lazy\" decoding=\"async\" width=\"150\" height=\"150\" src=\"http:\/\/ff-buettelborn.de\/wp\/wp-content\/uploads\/2016\/08\/KletterWald-19-150x150.jpg\" class=\"attachment-thumbnail size-thumbnail\" alt=\"\" srcset=\"http:\/\/ff-buettelborn.de\/wp\/wp-content\/uploads\/2016\/08\/KletterWald-19-150x150.jpg 150w, http:\/\/ff-buettelborn.de\/wp\/wp-content\/uploads\/2016\/08\/KletterWald-19-144x144.jpg 144w\" sizes=\"auto, (max-width: 150px) 100vw, 150px\" \/><\/a>\n\t\t\t<\/dt><\/dl>\n\t\t\t<br style='clear: both' \/>\n\t\t<\/div>\n\n","protected":false},"excerpt":{"rendered":"<p>Am Samstag den 23. Juli 2016 konnten der Vereinsvorsitzende Thomas Klink und sein Stellvertreter Sven Riekstnis (der Organisator), 18 Kammeraden\/innen zu einem\u00a0gemeinsamen Ausflug begr\u00fc\u00dfen. Geplant war der Besuch des Kletterwald Darmstadt mit einem sp\u00e4teren Abschlussessen in einem Biergarten in Darmstadt.<\/p>\n","protected":false},"author":5,"featured_media":0,"comment_status":"closed","ping_status":"closed","sticky":false,"template":"","format":"standard","meta":{"footnotes":""},"categories":[5],"tags":[96,98,97,99,73],"class_list":["post-1185","post","type-post","status-publish","format-standard","hentry","category-verein","tag-ausflug","tag-biergarten","tag-kletterwald","tag-spass","tag-verein"],"_links":{"self":[{"href":"http:\/\/ff-buettelborn.de\/wp\/index.php?rest_route=\/wp\/v2\/posts\/1185","targetHints":{"allow":["GET"]}}],"collection":[{"href":"http:\/\/ff-buettelborn.de\/wp\/index.php?rest_route=\/wp\/v2\/posts"}],"about":[{"href":"http:\/\/ff-buettelborn.de\/wp\/index.php?rest_route=\/wp\/v2\/types\/post"}],"author":[{"embeddable":true,"href":"http:\/\/ff-buettelborn.de\/wp\/index.php?rest_route=\/wp\/v2\/users\/5"}],"replies":[{"embeddable":true,"href":"http:\/\/ff-buettelborn.de\/wp\/index.php?rest_route=%2Fwp%2Fv2%2Fcomments&post=1185"}],"version-history":[{"count":5,"href":"http:\/\/ff-buettelborn.de\/wp\/index.php?rest_route=\/wp\/v2\/posts\/1185\/revisions"}],"predecessor-version":[{"id":1458,"href":"http:\/\/ff-buettelborn.de\/wp\/index.php?rest_route=\/wp\/v2\/posts\/1185\/revisions\/1458"}],"wp:attachment":[{"href":"http:\/\/ff-buettelborn.de\/wp\/index.php?rest_route=%2Fwp%2Fv2%2Fmedia&parent=1185"}],"wp:term":[{"taxonomy":"category","embeddable":true,"href":"http:\/\/ff-buettelborn.de\/wp\/index.php?rest_route=%2Fwp%2Fv2%2Fcategories&post=1185"},{"taxonomy":"post_tag","embeddable":true,"href":"http:\/\/ff-buettelborn.de\/wp\/index.php?rest_route=%2Fwp%2Fv2%2Ftags&post=1185"}],"curies":[{"name":"wp","href":"https:\/\/api.w.org\/{rel}","templated":true}]}}