{"id":1019,"date":"2015-08-16T12:58:58","date_gmt":"2015-08-16T10:58:58","guid":{"rendered":"http:\/\/ff-buettelborn.de\/wp\/?p=1019"},"modified":"2015-08-16T13:00:05","modified_gmt":"2015-08-16T11:00:05","slug":"ausserordentliche-dienstversammlung","status":"publish","type":"post","link":"http:\/\/ff-buettelborn.de\/wp\/?p=1019","title":{"rendered":"Au\u00dferordentliche Dienstversammlung"},"content":{"rendered":"<p><strong>Einladung zur au\u00dferordentlichen Dienstversammlung<\/strong><\/p>\n<p>Hiermit lade ich zur au\u00dferordentlichen Dienstversammlung ein.<br \/>\nDie Veranstaltung findet am<\/p>\n<p>Freitag den 04. September 2015 um 20:00 Uhr<\/p>\n<p>im Mannschaftsraum der Feuerwehr B\u00fcttelborn, Mainzer Str. 13a statt.<br \/>\nDie Tagesordnungspunkte sind derzeit wie folgt geplant:<\/p>\n<p>TOP 1 Er\u00f6ffnung u. Begr\u00fc\u00dfung<br \/>\nTOP 2 Ank\u00fcndigungen<br \/>\nTOP 3 Gru\u00dfworte der G\u00e4ste<br \/>\nTOP 4 Wahl eines Wahlausschusses<br \/>\nTOP 5 Wahl des Wehrf\u00fchrers<br \/>\nTOP 6 Verschiedenes<\/p>\n<p>Um die Beschlussf\u00e4higkeit nach \u00a715 Abs. 5 der Feuerwehrsatzung festzustellen, bitte ich um p\u00fcnktliches und vollz\u00e4hliges Erscheinen. Die Versammlung ist beschlussf\u00e4hig, wenn mindestens ein Drittel der Mitglieder der Einsatzabteilung anwesend ist. Bei Beschlussunf\u00e4higkeit beginnt die Dienstversammlung eine halbe Stunde sp\u00e4ter ohne R\u00fccksicht auf die Zahl der anwesenden Mitglieder der Einsatzabteilung.<\/p>\n<p>Die Dienstversammlung findet f\u00fcr alle aktiven Mitglieder in Dienstkleidung statt.<\/p>\n<p>Mit freundlichen Gr\u00fc\u00dfen<\/p>\n<p>Werner Barthel  \u2013Wehrf\u00fchrer-<\/p>\n","protected":false},"excerpt":{"rendered":"<p>Einladung zur au\u00dferordentlichen Dienstversammlung Hiermit lade ich zur au\u00dferordentlichen Dienstversammlung ein. Die Veranstaltung findet am Freitag den 04. September 2015 um 20:00 Uhr im Mannschaftsraum der Feuerwehr B\u00fcttelborn, Mainzer Str. 13a statt. Die Tagesordnungspunkte sind derzeit wie folgt geplant: TOP &hellip; <a href=\"http:\/\/ff-buettelborn.de\/wp\/?p=1019\">Continue reading <span class=\"meta-nav\">&rarr;<\/span><\/a><\/p>\n","protected":false},"author":5,"featured_media":0,"comment_status":"closed","ping_status":"closed","sticky":false,"template":"","format":"standard","meta":{"footnotes":""},"categories":[1,3],"tags":[31,78,79],"class_list":["post-1019","post","type-post","status-publish","format-standard","hentry","category-allgemein","category-einsatzabteilung","tag-dienstversammlung","tag-wahlen","tag-werfuehrer"],"_links":{"self":[{"href":"http:\/\/ff-buettelborn.de\/wp\/index.php?rest_route=\/wp\/v2\/posts\/1019","targetHints":{"allow":["GET"]}}],"collection":[{"href":"http:\/\/ff-buettelborn.de\/wp\/index.php?rest_route=\/wp\/v2\/posts"}],"about":[{"href":"http:\/\/ff-buettelborn.de\/wp\/index.php?rest_route=\/wp\/v2\/types\/post"}],"author":[{"embeddable":true,"href":"http:\/\/ff-buettelborn.de\/wp\/index.php?rest_route=\/wp\/v2\/users\/5"}],"replies":[{"embeddable":true,"href":"http:\/\/ff-buettelborn.de\/wp\/index.php?rest_route=%2Fwp%2Fv2%2Fcomments&post=1019"}],"version-history":[{"count":1,"href":"http:\/\/ff-buettelborn.de\/wp\/index.php?rest_route=\/wp\/v2\/posts\/1019\/revisions"}],"predecessor-version":[{"id":1020,"href":"http:\/\/ff-buettelborn.de\/wp\/index.php?rest_route=\/wp\/v2\/posts\/1019\/revisions\/1020"}],"wp:attachment":[{"href":"http:\/\/ff-buettelborn.de\/wp\/index.php?rest_route=%2Fwp%2Fv2%2Fmedia&parent=1019"}],"wp:term":[{"taxonomy":"category","embeddable":true,"href":"http:\/\/ff-buettelborn.de\/wp\/index.php?rest_route=%2Fwp%2Fv2%2Fcategories&post=1019"},{"taxonomy":"post_tag","embeddable":true,"href":"http:\/\/ff-buettelborn.de\/wp\/index.php?rest_route=%2Fwp%2Fv2%2Ftags&post=1019"}],"curies":[{"name":"wp","href":"https:\/\/api.w.org\/{rel}","templated":true}]}}