{"id":1003,"date":"2015-06-27T21:29:35","date_gmt":"2015-06-27T19:29:35","guid":{"rendered":"http:\/\/ff-buettelborn.de\/wp\/?p=1003"},"modified":"2015-11-11T04:10:47","modified_gmt":"2015-11-11T03:10:47","slug":"aenderung-in-der-fuehrung-der-grossgemeinde","status":"publish","type":"post","link":"http:\/\/ff-buettelborn.de\/wp\/?p=1003","title":{"rendered":"\u00c4nderung in der F\u00fchrung der Gro\u00dfgemeinde"},"content":{"rendered":"<p>Auf der gemeinsamen Dienstversammlung der Feuerwehren B\u00fcttelborn war unter anderem\u00a0der Punkt &#8222;Wahl des stellvertretenden Gemeindebrandinspektor&#8220;.<\/p>\n<p>F\u00fcr dieses Amt stellte sich der Wehrf\u00fchrer der Feuerwehr B\u00fcttelborn zu Verf\u00fcgung. Werner Barthel wurde mit zwei Enthaltungen und keiner Gegenstimme von der Versammlung gew\u00e4hlt und nahm die Wahl an.<\/p>\n<p>Die Wahl von Werner Barthel wird in k\u00fcrze Ver\u00e4nderungen in der Feuerwehr B\u00fcttelborn nachziehen. Infos folgen!<\/p>\n<hr \/>\n<p>Bericht echo-online<\/p>\n<div id=\"attachment_1009\" style=\"width: 560px\" class=\"wp-caption aligncenter\"><a href=\"http:\/\/ff-buettelborn.de\/wp\/wp-content\/uploads\/2015\/07\/DV2015.jpg\"><img loading=\"lazy\" decoding=\"async\" aria-describedby=\"caption-attachment-1009\" class=\"size-full wp-image-1009\" src=\"http:\/\/ff-buettelborn.de\/wp\/wp-content\/uploads\/2015\/07\/DV2015.jpg\" alt=\"Ehrungen und Bef\u00f6rderungen standen bei der gemeinsamen Dienstversammlung der Ortsteilfeuerwehren an. Das Bild zeigt (von links) Dennis Borell, Stephan Kipp, Klaus Sen\u00dffelder-Kempa, den neuen stellvertretenden Gemeindebrandinspektor Werner Barthel, Tobias Barthel, Alexander Sch\u00fc\u00dfler, Ralf Klink, B\u00fcrgermeister Andreas Rotzinger, Werner Stoll, Thorsten Neumann, Kreisbrandinspektor Fred Schmidt, Wolfram Wesp, Marcus Grimberger, Niklas Emmer, Thomas Klink und Alfred Engel. \u2002Foto: Dagmar Mendel\" width=\"550\" height=\"342\" srcset=\"http:\/\/ff-buettelborn.de\/wp\/wp-content\/uploads\/2015\/07\/DV2015.jpg 550w, http:\/\/ff-buettelborn.de\/wp\/wp-content\/uploads\/2015\/07\/DV2015-300x187.jpg 300w\" sizes=\"auto, (max-width: 550px) 100vw, 550px\" \/><\/a><p id=\"caption-attachment-1009\" class=\"wp-caption-text\">Ehrungen und Bef\u00f6rderungen standen bei der gemeinsamen Dienstversammlung der Ortsteilfeuerwehren an. Das Bild zeigt (von links) Dennis Borell, Stephan Kipp, Klaus Sen\u00dffelder-Kempa, den neuen stellvertretenden Gemeindebrandinspektor Werner Barthel, Tobias Barthel, Alexander Sch\u00fc\u00dfler, Ralf Klink, B\u00fcrgermeister Andreas Rotzinger, Werner Stoll, Thorsten Neumann, Kreisbrandinspektor Fred Schmidt, Wolfram Wesp, Marcus Grimberger, Niklas Emmer, Thomas Klink und Alfred Engel. \u2002Foto: Dagmar Mendel<\/p><\/div>\n<div class=\"artikelteaser \"><strong>Werner Barthel ist neuer stellvertretender Gemeindebrandinspektor. Bei der Dienstversammlung aller drei Ortsteilfeuerwehren im Worfelder Ger\u00e4tehaus l\u00f6ste Barthel Gunnar Freyer ab, der das Amt im M\u00e4rz abgegeben hatte.<\/strong><\/div>\n<div id=\"artikeltext\" class=\"artikeltext\">\n<p><span class=\"ortsmarke\">B\u00dcTTELBORN.<\/span><\/p>\n<p class=\"articletextstart\">\u201eIch danke allen Einsatzkr\u00e4ften. Insbesondere danke ich den drei Wehrf\u00fchrern, die die technische Leitung \u00fcbernommen haben\u201c, sagte B\u00fcrgermeister Andreas Rotzinger (CDU) bei der Dienstversammlung aller drei Ortsteilfeuerwehren vor knapp 60 Einsatzkr\u00e4ften im Worfelder Ger\u00e4tehaus.<\/p>\n<div id=\"werbungcontainer\" class=\"not_mobile\"><\/div>\n<p class=\"zp\">Die Worfelder und Klein-Gerauer Wehrf\u00fchrer, Wolfram Wesp und Bj\u00f6rn Sandner, hatten ihren B\u00fcttelborner Kollegen Werner Barthel kommissarisch unterst\u00fctzt, nachdem Gemeindebrandinspektor Erich K\u00f6th l\u00e4ngerfristig erkrankte und Stellvertreter Gunnar Freyer sein Amt abgegeben hatte. Die Versammlung w\u00e4hlte Werner Barthel im Anschluss ohne Gegenstimmen zum neuen stellvertretenden Gemeindebrandinspektor. Die Zahl der Aktiven in den Einsatzabteilungen der drei Feuerwehren blieb relativ konstant, informierte Werner Barthel in Vertretung von Erich K\u00f6th. 114 M\u00e4nner und Frauen geh\u00f6ren den Einsatzteams an. Da auf alle drei Ortsteilwehren zur\u00fcckgegriffen werden k\u00f6nne, sei die Tagesalarmsicherheit recht hoch, sagte Barthel, betonte aber, dass es bei den Atemschutzger\u00e4tetr\u00e4gern ein Defizit von vier Feuerwehrleuten gebe. Mitgliedergewinnung sei daher nach wie vor ein wichtiges Thema.<\/p>\n<p><b class=\"zw\">14 Eins\u00e4tze weniger als im Vorjahr<\/b>Bei Eins\u00e4tzen im Brand und Hilfeleistungsfall oder bei Fehlalarmen lag die Zahl mit 49 F\u00e4llen um 14 unter dem Vorjahr. Die Gesamtstunden f\u00fcr Eins\u00e4tze, Ausbildung, Brandschutzfr\u00fcherziehung, Betreuung der Kinderfeuerwehren, Ger\u00e4tewartung und Unterhaltung der Kleiderkammer beliefen sich 2014 auf rund 8000 Stunden. Wegen der Vorgaben zur Haushaltskonsolidierung musste die f\u00fcr 2015 vorgesehene Ersatzbeschaffung eines 26 Jahre alten Einsatzleitwagens verschoben werden, sagte Barthel. Seit Anfang 2014 sind tragbare Funkger\u00e4te mit digitaler Funktechnik im Einsatz. Diese h\u00e4tte den Vorteil, dass die Kommunikation der Einsatzkr\u00e4fte untereinander sowie mit der Leitstelle durch viele Funkkan\u00e4le entzerrt werde, erl\u00e4uterte Kreisbrandinspektor Fred Schmidt. Ende Juli\/Anfang August werde die neue Technik in die Fahrzeuge eingebaut, so Barthel.<\/p>\n<p class=\"zp\">B\u00fcrgermeister Andreas Rotzinger berief Dennis Borell, Stephan Kipp und Niklas Emmer zur \u00dcbernahme einer ehrenamtlichen T\u00e4tigkeit. Von der Einsatzabteilung in die Alters- und Ehrenabteilung wechselte Alfred Engel. Rotzinger und Fred Schmidt dankten Alfred Engel f\u00fcr dessen Einsatz, insbesondere f\u00fcr sein seit 1983 gef\u00fchrtes Amt als Schriftf\u00fchrer.<\/p>\n<p class=\"zp\">F\u00fcr zehn Jahre aktive Dienstzeit wurden vom B\u00fcrgermeister Tobias Barthel, Alexander Sch\u00fc\u00dfler und Moritz Kreuzer geehrt. Seit 20 Jahren sind Klaus Sen\u00dffelder-Kempa und Thorsten Neumann dabei, seit 30 Jahren Ralf Klink und Thomas Klink. F\u00fcr 40 Jahre ehrte Rotzinger den Klein-Gerauer Wehrf\u00fchrer Wolfram Wesp. Kreisbrandinspektor Fred Schmidt w\u00fcrdigte Marcus Grimberger mit dem Bandschutzzeichen in Silber. Werner Stoll erhielt von Schmidt f\u00fcr 50 Jahre Dienst in der Feuerwehr das Ehrenzeichen des Bezirksfeuerwehrverbands Hessen-Darmstadt in Gold.<\/p>\n<p><b class=\"zw\">Warten auf neue Fahrzeuge<\/b>In einer kurzen Ansprache thematisierte der Kreisbrandinspektor die Ausstattung der hessischen Feuerwehren durch die Bundesregierung. \u201eWir warten h\u00e4nderingend auf Lieferung\u201c, sagte Schmidt. 70 L\u00f6schfahrzeuge und mehr als 40 Schlauchwagen in Hessen seien \u00e4lter als 30 Jahre und m\u00fcssten ersetzt werden. W\u00e4hrend andere Bundesl\u00e4nder schon Ersatz bekommen h\u00e4tten, sei in Hessen bislang ein einziges Fahrzeug aus dem Bundeskontingent ausgeliefert worden. \u201eWir warten schon 15 Jahre\u201c, betonte Schmidt, der gleichzeitig das Land f\u00fcr seine finanzielle F\u00f6rderung lobte.<\/p>\n<p class=\"zp\">Acht Neueintritte in die Jugendfeuerwehren z\u00e4hlte Gemeindejugendfeuerwehrwart Lucas Fricke, dessen Bericht Dennis Barthel vortrug. Das durchschnittliche Alter der 33 Jungen und vier M\u00e4dchen liegt bei zw\u00f6lf Jahren. Die Jugendlichen treffen sich w\u00f6chentlich zu Gruppenabenden und werden von drei Jugendwarten feuerwehrtechnisch ausgebildet.<\/p>\n<p class=\"zp\">Wie die Leiterin der Feuerwehr-Kindergruppen, Kerstin Knell-Engel, berichtete, hatten diese 32 Mitglieder. In Klein-Gerau sind zehn Kinder aktiv, in Worfelden 22. Sechs Jungen und M\u00e4dchen wechselten mit zehn Jahren in die Jugendfeuerwehren. Daraus sei zu erkennen, wie wichtig die Kinderfeuerwehr sei, um langfristig eine solide Basis f\u00fcr die Einsatzabteilungen zu schaffen, sagte Knell-Engel.<\/p>\n<\/div>\n","protected":false},"excerpt":{"rendered":"<p>Auf der gemeinsamen Dienstversammlung der Feuerwehren B\u00fcttelborn war unter anderem\u00a0der Punkt &#8222;Wahl des stellvertretenden Gemeindebrandinspektor&#8220;. F\u00fcr dieses Amt stellte sich der Wehrf\u00fchrer der Feuerwehr B\u00fcttelborn zu Verf\u00fcgung. Werner Barthel wurde mit zwei Enthaltungen und keiner Gegenstimme von der Versammlung gew\u00e4hlt &hellip; <a href=\"http:\/\/ff-buettelborn.de\/wp\/?p=1003\">Continue reading <span class=\"meta-nav\">&rarr;<\/span><\/a><\/p>\n","protected":false},"author":5,"featured_media":0,"comment_status":"closed","ping_status":"closed","sticky":false,"template":"","format":"standard","meta":{"footnotes":""},"categories":[1,3],"tags":[77,76],"class_list":["post-1003","post","type-post","status-publish","format-standard","hentry","category-allgemein","category-einsatzabteilung","tag-fuehrung","tag-gbi"],"_links":{"self":[{"href":"http:\/\/ff-buettelborn.de\/wp\/index.php?rest_route=\/wp\/v2\/posts\/1003","targetHints":{"allow":["GET"]}}],"collection":[{"href":"http:\/\/ff-buettelborn.de\/wp\/index.php?rest_route=\/wp\/v2\/posts"}],"about":[{"href":"http:\/\/ff-buettelborn.de\/wp\/index.php?rest_route=\/wp\/v2\/types\/post"}],"author":[{"embeddable":true,"href":"http:\/\/ff-buettelborn.de\/wp\/index.php?rest_route=\/wp\/v2\/users\/5"}],"replies":[{"embeddable":true,"href":"http:\/\/ff-buettelborn.de\/wp\/index.php?rest_route=%2Fwp%2Fv2%2Fcomments&post=1003"}],"version-history":[{"count":5,"href":"http:\/\/ff-buettelborn.de\/wp\/index.php?rest_route=\/wp\/v2\/posts\/1003\/revisions"}],"predecessor-version":[{"id":1073,"href":"http:\/\/ff-buettelborn.de\/wp\/index.php?rest_route=\/wp\/v2\/posts\/1003\/revisions\/1073"}],"wp:attachment":[{"href":"http:\/\/ff-buettelborn.de\/wp\/index.php?rest_route=%2Fwp%2Fv2%2Fmedia&parent=1003"}],"wp:term":[{"taxonomy":"category","embeddable":true,"href":"http:\/\/ff-buettelborn.de\/wp\/index.php?rest_route=%2Fwp%2Fv2%2Fcategories&post=1003"},{"taxonomy":"post_tag","embeddable":true,"href":"http:\/\/ff-buettelborn.de\/wp\/index.php?rest_route=%2Fwp%2Fv2%2Ftags&post=1003"}],"curies":[{"name":"wp","href":"https:\/\/api.w.org\/{rel}","templated":true}]}}